{"id":27008,"date":"2025-05-07T20:55:00","date_gmt":"2025-05-07T17:55:00","guid":{"rendered":"https:\/\/www.egemtv.com\/?p=27008"},"modified":"2025-05-07T20:55:05","modified_gmt":"2025-05-07T17:55:05","slug":"muglanin-ezgileri-dunyaya-aciliyor","status":"publish","type":"post","link":"https:\/\/www.egemtv.com\/?p=27008","title":{"rendered":"Mu\u011fla\u2019n\u0131n ezgileri d\u00fcnyaya a\u00e7\u0131l\u0131yor"},"content":{"rendered":"<p>Mu\u011fla\u2019n\u0131n zengin k\u00fclt\u00fcrel miras\u0131n\u0131 uluslararas\u0131 \u00f6l\u00e7ekte tan\u0131tma hedefiyle d\u00fczenlenen Uluslararas\u0131 Mu\u011fla Korolar \u015eenli\u011fi, 7-11 May\u0131s 2025 tarihleri aras\u0131nda Mu\u011fla Valili\u011fi himayesinde, Mu\u011fla \u0130l Mill\u00ee E\u011fitim M\u00fcd\u00fcrl\u00fc\u011f\u00fc ile Mu\u011fla S\u0131tk\u0131 Ko\u00e7man \u00dcniversitesi i\u015f birli\u011finde ve Mu\u011fla Bilim ve Sanat Merkezi y\u00fcr\u00fct\u00fcc\u00fcl\u00fc\u011f\u00fcnde ba\u015flad\u0131.<br \/>\n<br \/>\u015eenli\u011fin a\u00e7\u0131l\u0131\u015f konseri program\u0131nda konu\u015fan Mu\u011fla Valisi Dr. \u0130dris Akb\u0131y\u0131k, etkinli\u011fin yaln\u0131zca bir m\u00fczik bulu\u015fmas\u0131 olman\u0131n \u00f6tesinde, dostlu\u011fun, dayan\u0131\u015fman\u0131n ve k\u00fclt\u00fcrel etkile\u015fimin de g\u00fc\u00e7l\u00fc bir ifadesi oldu\u011funu vurgulad\u0131. Vali Akb\u0131y\u0131k konu\u015fmas\u0131nda \u015funlar\u0131 kaydetti: &#8220;Mu\u011fla\u2019m\u0131z\u0131n k\u00fclt\u00fcrel hayat\u0131na \u00f6nemli bir renk ve zenginlik katan Uluslararas\u0131 Mu\u011fla Korolar \u015eenli\u011fi\u2019nin co\u015fkusunu burada hep birlikte payla\u015fmaktan b\u00fcy\u00fck bir mutluluk ve gurur duyuyor, sizleri en i\u00e7ten duygular\u0131mla, sevgiyle ve sayg\u0131yla selaml\u0131yorum. Mu\u011fla Valili\u011fimizin himayesinde; Mu\u011fla S\u0131tk\u0131 Ko\u00e7man \u00dcniversitesi, Mu\u011fla \u0130l Mill\u00ee E\u011fitim M\u00fcd\u00fcrl\u00fc\u011f\u00fc ve Mu\u011fla Bilim ve Sanat Merkezi i\u015f birli\u011fiyle ger\u00e7ekle\u015ftirdi\u011fimiz bu anlaml\u0131 etkinlik, yaln\u0131zca bir m\u00fczik bulu\u015fmas\u0131 de\u011fil; ayn\u0131 zamanda dostlu\u011fun, dayan\u0131\u015fman\u0131n ve k\u00fclt\u00fcrel etkile\u015fimin g\u00fc\u00e7l\u00fc bir ifadesidir. 2023 y\u0131l\u0131nda ilk ad\u0131mlar\u0131 at\u0131lan bu \u015fenlik, k\u0131sa s\u00fcrede b\u00fcy\u00fcyerek 2025 y\u0131l\u0131 itibar\u0131 ile uluslararas\u0131 bir kimli\u011fe kavu\u015fmu\u015ftur. 70\u2019e yak\u0131n koro ve 2 bin 500\u2019e yak\u0131n koristin kat\u0131l\u0131m\u0131yla Uluslararas\u0131 Mu\u011fla Korolar \u015eenli\u011fi, Mu\u011fla\u2019n\u0131n k\u00fclt\u00fcr ve sanat tarihine \u00f6nemli bir iz b\u0131rakmaya haz\u0131rlanmaktad\u0131r. Bu y\u0131l ilk kez yurt d\u0131\u015f\u0131ndan da sanat\u00e7\u0131lar\u0131 ve korolar\u0131 a\u011f\u0131rlad\u0131\u011f\u0131m\u0131z bu platform, m\u00fczi\u011fin evrensel diliyle kalpleri birle\u015ftirmekte, farkl\u0131 co\u011frafyalardan gelen sesleri Mu\u011fla\u2019n\u0131n tarihi ve do\u011fal g\u00fczellikleriyle bulu\u015fturmaktad\u0131r. \u015eenli\u011fimizin sadece sanatsal bir \u015f\u00f6len de\u011fil; ayn\u0131 zamanda ilimizin turizm potansiyeline, ekonomik canl\u0131l\u0131\u011f\u0131na ve k\u00fclt\u00fcrel tan\u0131n\u0131rl\u0131\u011f\u0131na da katk\u0131 sunaca\u011f\u0131na y\u00fcrekten inan\u0131yorum. Mu\u011fla Bilim ve Sanat Merkezimiz ba\u015fta olmak \u00fczere, bu g\u00fczel tabloya emek veren, g\u00f6n\u00fclden katk\u0131 sunan herkese; t\u00fcm kurumlar\u0131m\u0131za ve de\u011ferli sanat\u00e7\u0131lar\u0131m\u0131za te\u015fekk\u00fcr ediyorum. Mu\u011fla\u2019n\u0131n sesini, melodisini ve misafirperverli\u011fini d\u00fcnyaya duyurdu\u011fumuz bu \u00f6zel \u015fenlikte, birlik ve beraberli\u011fimizin peki\u015fmesini temenni ediyor, \u015fenli\u011fimizin ba\u015far\u0131l\u0131 ve unutulmaz hat\u0131ralara sahne olmas\u0131 dile\u011fiyle hepinizi sayg\u0131yla selaml\u0131yor, g\u00fczel bir \u015fenlik diliyorum&#8221; dedi.<br \/><\/p>\n","protected":false},"excerpt":{"rendered":"<p>Mu\u011fla\u2019n\u0131n zengin k\u00fclt\u00fcrel miras\u0131n\u0131 uluslararas\u0131 \u00f6l\u00e7ekte tan\u0131tma hedefiyle d\u00fczenlenen Uluslararas\u0131 Mu\u011fla Korolar \u015eenli\u011fi, 7-11 May\u0131s 2025 tarihleri aras\u0131nda Mu\u011fla Valili\u011fi himayesinde, Mu\u011fla \u0130l Mill\u00ee E\u011fitim M\u00fcd\u00fcrl\u00fc\u011f\u00fc ile Mu\u011fla S\u0131tk\u0131 Ko\u00e7man \u00dcniversitesi i\u015f birli\u011finde ve Mu\u011fla Bilim ve Sanat Merkezi y\u00fcr\u00fct\u00fcc\u00fcl\u00fc\u011f\u00fcnde ba\u015flad\u0131. \u015eenli\u011fin a\u00e7\u0131l\u0131\u015f konseri program\u0131nda konu\u015fan Mu\u011fla Valisi Dr. \u0130dris Akb\u0131y\u0131k, etkinli\u011fin yaln\u0131zca bir m\u00fczik&#8230;<\/p>\n","protected":false},"author":1,"featured_media":27009,"comment_status":"open","ping_status":"open","sticky":false,"template":"","format":"standard","meta":{"_crdt_document":"","footnotes":""},"categories":[1],"tags":[],"class_list":["post-27008","post","type-post","status-publish","format-standard","has-post-thumbnail","hentry","category-guncel"],"_links":{"self":[{"href":"https:\/\/www.egemtv.com\/index.php?rest_route=\/wp\/v2\/posts\/27008","targetHints":{"allow":["GET"]}}],"collection":[{"href":"https:\/\/www.egemtv.com\/index.php?rest_route=\/wp\/v2\/posts"}],"about":[{"href":"https:\/\/www.egemtv.com\/index.php?rest_route=\/wp\/v2\/types\/post"}],"author":[{"embeddable":true,"href":"https:\/\/www.egemtv.com\/index.php?rest_route=\/wp\/v2\/users\/1"}],"replies":[{"embeddable":true,"href":"https:\/\/www.egemtv.com\/index.php?rest_route=%2Fwp%2Fv2%2Fcomments&post=27008"}],"version-history":[{"count":1,"href":"https:\/\/www.egemtv.com\/index.php?rest_route=\/wp\/v2\/posts\/27008\/revisions"}],"predecessor-version":[{"id":27010,"href":"https:\/\/www.egemtv.com\/index.php?rest_route=\/wp\/v2\/posts\/27008\/revisions\/27010"}],"wp:featuredmedia":[{"embeddable":true,"href":"https:\/\/www.egemtv.com\/index.php?rest_route=\/wp\/v2\/media\/27009"}],"wp:attachment":[{"href":"https:\/\/www.egemtv.com\/index.php?rest_route=%2Fwp%2Fv2%2Fmedia&parent=27008"}],"wp:term":[{"taxonomy":"category","embeddable":true,"href":"https:\/\/www.egemtv.com\/index.php?rest_route=%2Fwp%2Fv2%2Fcategories&post=27008"},{"taxonomy":"post_tag","embeddable":true,"href":"https:\/\/www.egemtv.com\/index.php?rest_route=%2Fwp%2Fv2%2Ftags&post=27008"}],"curies":[{"name":"wp","href":"https:\/\/api.w.org\/{rel}","templated":true}]}}