{"id":27005,"date":"2025-05-07T20:36:36","date_gmt":"2025-05-07T17:36:36","guid":{"rendered":"https:\/\/www.egemtv.com\/?p=27005"},"modified":"2025-05-07T20:36:40","modified_gmt":"2025-05-07T17:36:40","slug":"caldigi-arac-ile-kaza-yapti-kacmaya-calisirken-vatandaslara-yakalandi","status":"publish","type":"post","link":"https:\/\/www.egemtv.com\/?p=27005","title":{"rendered":"\u00c7ald\u0131\u011f\u0131 ara\u00e7 ile kaza yapt\u0131, ka\u00e7maya \u00e7al\u0131\u015f\u0131rken vatanda\u015flara yakaland\u0131"},"content":{"rendered":"<p>Mu\u011fla\u2019n\u0131n Mente\u015fe il\u00e7esi \u00e7al\u0131nt\u0131 oldu\u011fu iddia edilen ara\u00e7 ile kaza yapan \u015fah\u0131s, kaza sonras\u0131 ka\u00e7arken vatanda\u015flar taraf\u0131ndan yakalanarak polise teslim edildi.<br \/>\n<br \/>Mente\u015fe il\u00e7esi eski sanayi b\u00f6lgesinde viraja h\u0131zla giren C.B, kulland\u0131\u011f\u0131 otomobille \u00fc\u00e7 araca \u00e7arparak durabildi. Kazan\u0131n ard\u0131ndan \u015fah\u0131s, ara\u00e7tan inerek olay yerinden ka\u00e7maya \u00e7al\u0131\u015ft\u0131. Durumu fark eden \u00e7evredeki vatanda\u015flar\u0131n m\u00fcdahalesiyle ka\u00e7\u0131\u015f giri\u015fimi engellendi ve \u015fah\u0131s yakaland\u0131.<br \/>\n<br \/>Olay\u0131n ard\u0131ndan b\u00f6lgeye gelen ba\u015fka bir ki\u015fi, kazaya kar\u0131\u015fan arac\u0131n kendisine ait oldu\u011funu ve arac\u0131n\u0131n Mente\u015fe il\u00e7esi k\u0131rsal G\u00fcnl\u00fcce Mahallesi\u2019nden \u00e7al\u0131nd\u0131\u011f\u0131n\u0131 \u00f6ne s\u00fcrd\u00fc. 112 Acil \u00c7a\u011fr\u0131 Merkezine bilgi verilmesi \u00fczerine olay yerine polis ekipleri sevk edildi.<br \/>\n<br \/>Kazaya kar\u0131\u015fan \u015fahs\u0131n 2.14 promil alkoll\u00fc oldu\u011fu \u00f6\u011frenilirken vatanda\u015flar \u015fahs\u0131 polise teslim etti.<br \/><\/p>\n","protected":false},"excerpt":{"rendered":"<p>Mu\u011fla\u2019n\u0131n Mente\u015fe il\u00e7esi \u00e7al\u0131nt\u0131 oldu\u011fu iddia edilen ara\u00e7 ile kaza yapan \u015fah\u0131s, kaza sonras\u0131 ka\u00e7arken vatanda\u015flar taraf\u0131ndan yakalanarak polise teslim edildi. Mente\u015fe il\u00e7esi eski sanayi b\u00f6lgesinde viraja h\u0131zla giren C.B, kulland\u0131\u011f\u0131 otomobille \u00fc\u00e7 araca \u00e7arparak durabildi. Kazan\u0131n ard\u0131ndan \u015fah\u0131s, ara\u00e7tan inerek olay yerinden ka\u00e7maya \u00e7al\u0131\u015ft\u0131. Durumu fark eden \u00e7evredeki vatanda\u015flar\u0131n m\u00fcdahalesiyle ka\u00e7\u0131\u015f giri\u015fimi engellendi ve&#8230;<\/p>\n","protected":false},"author":1,"featured_media":27006,"comment_status":"open","ping_status":"open","sticky":false,"template":"","format":"standard","meta":{"_crdt_document":"","footnotes":""},"categories":[5],"tags":[],"class_list":["post-27005","post","type-post","status-publish","format-standard","has-post-thumbnail","hentry","category-asayis"],"_links":{"self":[{"href":"https:\/\/www.egemtv.com\/index.php?rest_route=\/wp\/v2\/posts\/27005","targetHints":{"allow":["GET"]}}],"collection":[{"href":"https:\/\/www.egemtv.com\/index.php?rest_route=\/wp\/v2\/posts"}],"about":[{"href":"https:\/\/www.egemtv.com\/index.php?rest_route=\/wp\/v2\/types\/post"}],"author":[{"embeddable":true,"href":"https:\/\/www.egemtv.com\/index.php?rest_route=\/wp\/v2\/users\/1"}],"replies":[{"embeddable":true,"href":"https:\/\/www.egemtv.com\/index.php?rest_route=%2Fwp%2Fv2%2Fcomments&post=27005"}],"version-history":[{"count":1,"href":"https:\/\/www.egemtv.com\/index.php?rest_route=\/wp\/v2\/posts\/27005\/revisions"}],"predecessor-version":[{"id":27007,"href":"https:\/\/www.egemtv.com\/index.php?rest_route=\/wp\/v2\/posts\/27005\/revisions\/27007"}],"wp:featuredmedia":[{"embeddable":true,"href":"https:\/\/www.egemtv.com\/index.php?rest_route=\/wp\/v2\/media\/27006"}],"wp:attachment":[{"href":"https:\/\/www.egemtv.com\/index.php?rest_route=%2Fwp%2Fv2%2Fmedia&parent=27005"}],"wp:term":[{"taxonomy":"category","embeddable":true,"href":"https:\/\/www.egemtv.com\/index.php?rest_route=%2Fwp%2Fv2%2Fcategories&post=27005"},{"taxonomy":"post_tag","embeddable":true,"href":"https:\/\/www.egemtv.com\/index.php?rest_route=%2Fwp%2Fv2%2Ftags&post=27005"}],"curies":[{"name":"wp","href":"https:\/\/api.w.org\/{rel}","templated":true}]}}