{"id":27002,"date":"2025-05-07T20:16:17","date_gmt":"2025-05-07T17:16:17","guid":{"rendered":"https:\/\/www.egemtv.com\/?p=27002"},"modified":"2025-05-07T20:16:21","modified_gmt":"2025-05-07T17:16:21","slug":"trafik-kurallarini-uygulamali-sekilde-ogrendiler","status":"publish","type":"post","link":"https:\/\/www.egemtv.com\/?p=27002","title":{"rendered":"Trafik kurallar\u0131n\u0131 uygulamal\u0131 \u015fekilde \u00f6\u011frendiler"},"content":{"rendered":"<p>Mu\u011fla\u2019n\u0131n Bodrum il\u00e7esinde polis ve jandarma ekipleri, \u00f6\u011frencilere uygulamal\u0131 trafik e\u011fitimi verdi.<\/p>\n<p>3-9 May\u0131s Trafik Haftas\u0131 kapsam\u0131nda Bodrum \u0130l\u00e7e Emniyet M\u00fcd\u00fcrl\u00fc\u011f\u00fc, \u0130l\u00e7e Jandarma Komutanl\u0131\u011f\u0131, Mu\u011fla B\u00fcy\u00fck\u015fehir Belediyesi ve Bodrum Belediyesi taraf\u0131nda bir fark\u0131ndal\u0131k etkinli\u011fi d\u00fczenlendi.<\/p>\n<p>Belediye Meydan\u0131\u2019ndaki etkinli\u011fe Kaymakam Mustafa \u00c7it, Belediye Ba\u015fkan Yard\u0131mc\u0131s\u0131 \u0130lknur \u00dclk\u00fcm Sefero\u011flu, \u0130l\u00e7e Emniyet M\u00fcd\u00fcr\u00fc Mehmet Darendeli, \u0130l\u00e7e Jandarma Komutan\u0131 Yarbay G\u00f6khan Kurgan, \u0130l\u00e7e Milli E\u011fitim M\u00fcd\u00fcr\u00fc Aslan Korkmaz, Mu\u011fla B\u00fcy\u00fck\u015fehir Belediyesi \u0130l\u00e7e Hizmetleri 1. B\u00f6lge Daire Ba\u015fkan\u0131 Kadriye Y\u0131ld\u0131r\u0131m Erkal ile \u00f6\u011fretmenler ve \u00f6\u011frenciler kat\u0131ld\u0131.<\/p>\n<p>Polis ve jandarma ekipleri taraf\u0131ndan meydanda kurulan alanda trafik kurallar\u0131 uygulamal\u0131 olarak anlat\u0131ld\u0131. \u00d6zellikle bisiklet kullan\u0131m\u0131nda dikkat edilmesi gereken hususlar\u0131 dinleyen \u00f6\u011frenciler, daha sonra bisikletlerine binerek \u00f6\u011frendiklerini uygulad\u0131lar.<\/p>\n<p>Alanda, yeti\u015fkinler i\u00e7in de uygulamalar vard\u0131.  Alkol\u00fcn insan\u0131 nas\u0131l etkiledi\u011fini g\u00f6stermek i\u00e7in \u00f6\u011frencilere \u2019alkol sim\u00fclasyon g\u00f6zl\u00fc\u011f\u00fc\u2019 ad\u0131 verilen g\u00f6zl\u00fckle yeti\u015fkinlere penalt\u0131 kulland\u0131r\u0131ld\u0131.<\/p>\n<p>Meydanda polis ekiplerince kask denetimi de ger\u00e7ekle\u015ftirildi. Kask takmayan s\u00fcr\u00fcc\u00fclere ve yolculara cezai i\u015flem uyguland\u0131, kask hediye edildi.<br \/>\n<br \/>Bodrum Kaymakam\u0131 Mustafa \u00c7it, bas\u0131n mensuplar\u0131na yapt\u0131\u011f\u0131 a\u00e7\u0131klamada \u015funlar\u0131 dile getirdi;<br \/>\n<br \/>&#8220;Fark\u0131ndal\u0131k sa\u011flamas\u0131 a\u00e7\u0131s\u0131ndan g\u00fczel bir etkinlik oldu. Motosiklet ve bisikletlerdeki kask kullan\u0131m\u0131n\u0131n \u00f6nemini, trafik \u0131\u015f\u0131klar\u0131na uyman\u0131n \u00f6nemini burada g\u00f6rd\u00fck. Alkol sim\u00fclasyon g\u00f6zl\u00fc\u011f\u00fcyle alkoll\u00fc ara\u00e7 kullanman\u0131n insan\u0131 ne kadar etkileyebilece\u011fini g\u00f6rd\u00fck. Alkoll\u00fcyken ara\u00e7 kullanmamam\u0131z laz\u0131m. Ben bu etkinli\u011fe katk\u0131 sa\u011flayan herkese te\u015fekk\u00fcr ediyorum, in\u015fallah kazas\u0131z belas\u0131z g\u00fcnler diliyorum.&#8221;<br \/><\/p>\n","protected":false},"excerpt":{"rendered":"<p>Mu\u011fla\u2019n\u0131n Bodrum il\u00e7esinde polis ve jandarma ekipleri, \u00f6\u011frencilere uygulamal\u0131 trafik e\u011fitimi verdi. 3-9 May\u0131s Trafik Haftas\u0131 kapsam\u0131nda Bodrum \u0130l\u00e7e Emniyet M\u00fcd\u00fcrl\u00fc\u011f\u00fc, \u0130l\u00e7e Jandarma Komutanl\u0131\u011f\u0131, Mu\u011fla B\u00fcy\u00fck\u015fehir Belediyesi ve Bodrum Belediyesi taraf\u0131nda bir fark\u0131ndal\u0131k etkinli\u011fi d\u00fczenlendi. Belediye Meydan\u0131\u2019ndaki etkinli\u011fe Kaymakam Mustafa \u00c7it, Belediye Ba\u015fkan Yard\u0131mc\u0131s\u0131 \u0130lknur \u00dclk\u00fcm Sefero\u011flu, \u0130l\u00e7e Emniyet M\u00fcd\u00fcr\u00fc Mehmet Darendeli, \u0130l\u00e7e Jandarma Komutan\u0131&#8230;<\/p>\n","protected":false},"author":1,"featured_media":27003,"comment_status":"open","ping_status":"open","sticky":false,"template":"","format":"standard","meta":{"_crdt_document":"","footnotes":""},"categories":[1],"tags":[],"class_list":["post-27002","post","type-post","status-publish","format-standard","has-post-thumbnail","hentry","category-guncel"],"_links":{"self":[{"href":"https:\/\/www.egemtv.com\/index.php?rest_route=\/wp\/v2\/posts\/27002","targetHints":{"allow":["GET"]}}],"collection":[{"href":"https:\/\/www.egemtv.com\/index.php?rest_route=\/wp\/v2\/posts"}],"about":[{"href":"https:\/\/www.egemtv.com\/index.php?rest_route=\/wp\/v2\/types\/post"}],"author":[{"embeddable":true,"href":"https:\/\/www.egemtv.com\/index.php?rest_route=\/wp\/v2\/users\/1"}],"replies":[{"embeddable":true,"href":"https:\/\/www.egemtv.com\/index.php?rest_route=%2Fwp%2Fv2%2Fcomments&post=27002"}],"version-history":[{"count":1,"href":"https:\/\/www.egemtv.com\/index.php?rest_route=\/wp\/v2\/posts\/27002\/revisions"}],"predecessor-version":[{"id":27004,"href":"https:\/\/www.egemtv.com\/index.php?rest_route=\/wp\/v2\/posts\/27002\/revisions\/27004"}],"wp:featuredmedia":[{"embeddable":true,"href":"https:\/\/www.egemtv.com\/index.php?rest_route=\/wp\/v2\/media\/27003"}],"wp:attachment":[{"href":"https:\/\/www.egemtv.com\/index.php?rest_route=%2Fwp%2Fv2%2Fmedia&parent=27002"}],"wp:term":[{"taxonomy":"category","embeddable":true,"href":"https:\/\/www.egemtv.com\/index.php?rest_route=%2Fwp%2Fv2%2Fcategories&post=27002"},{"taxonomy":"post_tag","embeddable":true,"href":"https:\/\/www.egemtv.com\/index.php?rest_route=%2Fwp%2Fv2%2Ftags&post=27002"}],"curies":[{"name":"wp","href":"https:\/\/api.w.org\/{rel}","templated":true}]}}