{"id":26999,"date":"2025-05-07T19:14:49","date_gmt":"2025-05-07T16:14:49","guid":{"rendered":"https:\/\/www.egemtv.com\/?p=26999"},"modified":"2025-05-07T19:14:52","modified_gmt":"2025-05-07T16:14:52","slug":"kutahya-aksemsettin-kiz-aihl-masa-tenisinde-turkiye-sampiyonasi-yolunda","status":"publish","type":"post","link":"https:\/\/www.egemtv.com\/?p=26999","title":{"rendered":"K\u00fctahya Ak\u015femsettin K\u0131z A\u0130HL Masa Tenisi\u2019nde T\u00fcrkiye \u015eampiyonas\u0131 yolunda"},"content":{"rendered":"<p>K\u00fctahya Ak\u015femsettin K\u0131z Anadolu \u0130mam Hatip Lisesi, okul sporlar\u0131 kapsam\u0131nda d\u00fczenlenen Masa Tenisi K\u00fc\u00e7\u00fckler Kategorisi b\u00f6lge m\u00fcsabakalar\u0131nda \u00f6nemli bir ba\u015far\u0131ya imza att\u0131. B\u00f6lgedeki bir\u00e7ok ilden gelen g\u00fc\u00e7l\u00fc rakiplerle kar\u015f\u0131la\u015fan okulun masa tenisi tak\u0131m\u0131, \u00fcst\u00fcn performans sergileyerek b\u00f6lge \u00fc\u00e7\u00fcnc\u00fcs\u00fc oldu ve T\u00fcrkiye \u015eampiyonas\u0131\u2019na kat\u0131lma hakk\u0131 kazand\u0131.<br \/>\n<br \/>Tak\u0131m\u0131n ba\u015far\u0131l\u0131 sporcular\u0131 Melike Nesibe Yerli ve Elif Sare \u00d6zt\u00fcrk, g\u00f6sterdikleri azimli m\u00fccadeleyle dikkatleri \u00fczerine \u00e7ekti. \u0130ki \u00f6\u011frenci, \u00e7ok say\u0131da yetenekli rakip aras\u0131ndan s\u0131yr\u0131larak hem okullar\u0131n\u0131 hem de K\u00fctahya\u2019y\u0131 gururla temsil etme hakk\u0131n\u0131 elde etti.<br \/>\n<br \/>Elde edilen bu \u00f6nemli derece, okulda b\u00fcy\u00fck sevin\u00e7 olu\u015ftururken; \u00f6\u011frenciler, T\u00fcrkiye finalleri \u00f6ncesinde heyecanla haz\u0131rl\u0131klar\u0131n\u0131 s\u00fcrd\u00fcr\u00fcyor. Okul y\u00f6netimi, sporcular\u0131 ve eme\u011fi ge\u00e7en \u00f6\u011fretmen Selma Duman\u2019\u0131 tebrik ederek ba\u015far\u0131lar\u0131n\u0131n devam\u0131n\u0131 diledi.<br \/>\n<br \/>K\u00fctahya Ak\u015femsettin K\u0131z A\u0130HL, sporun birle\u015ftirici g\u00fcc\u00fcne inanan yakla\u015f\u0131m\u0131yla gelece\u011fin ba\u015far\u0131l\u0131 sporcular\u0131n\u0131 yeti\u015ftirmeye devam ediyor.<br \/><\/p>\n","protected":false},"excerpt":{"rendered":"<p>K\u00fctahya Ak\u015femsettin K\u0131z Anadolu \u0130mam Hatip Lisesi, okul sporlar\u0131 kapsam\u0131nda d\u00fczenlenen Masa Tenisi K\u00fc\u00e7\u00fckler Kategorisi b\u00f6lge m\u00fcsabakalar\u0131nda \u00f6nemli bir ba\u015far\u0131ya imza att\u0131. B\u00f6lgedeki bir\u00e7ok ilden gelen g\u00fc\u00e7l\u00fc rakiplerle kar\u015f\u0131la\u015fan okulun masa tenisi tak\u0131m\u0131, \u00fcst\u00fcn performans sergileyerek b\u00f6lge \u00fc\u00e7\u00fcnc\u00fcs\u00fc oldu ve T\u00fcrkiye \u015eampiyonas\u0131\u2019na kat\u0131lma hakk\u0131 kazand\u0131. Tak\u0131m\u0131n ba\u015far\u0131l\u0131 sporcular\u0131 Melike Nesibe Yerli ve Elif Sare \u00d6zt\u00fcrk,&#8230;<\/p>\n","protected":false},"author":1,"featured_media":27000,"comment_status":"open","ping_status":"open","sticky":false,"template":"","format":"standard","meta":{"_crdt_document":"","footnotes":""},"categories":[4],"tags":[],"class_list":["post-26999","post","type-post","status-publish","format-standard","has-post-thumbnail","hentry","category-spor"],"_links":{"self":[{"href":"https:\/\/www.egemtv.com\/index.php?rest_route=\/wp\/v2\/posts\/26999","targetHints":{"allow":["GET"]}}],"collection":[{"href":"https:\/\/www.egemtv.com\/index.php?rest_route=\/wp\/v2\/posts"}],"about":[{"href":"https:\/\/www.egemtv.com\/index.php?rest_route=\/wp\/v2\/types\/post"}],"author":[{"embeddable":true,"href":"https:\/\/www.egemtv.com\/index.php?rest_route=\/wp\/v2\/users\/1"}],"replies":[{"embeddable":true,"href":"https:\/\/www.egemtv.com\/index.php?rest_route=%2Fwp%2Fv2%2Fcomments&post=26999"}],"version-history":[{"count":1,"href":"https:\/\/www.egemtv.com\/index.php?rest_route=\/wp\/v2\/posts\/26999\/revisions"}],"predecessor-version":[{"id":27001,"href":"https:\/\/www.egemtv.com\/index.php?rest_route=\/wp\/v2\/posts\/26999\/revisions\/27001"}],"wp:featuredmedia":[{"embeddable":true,"href":"https:\/\/www.egemtv.com\/index.php?rest_route=\/wp\/v2\/media\/27000"}],"wp:attachment":[{"href":"https:\/\/www.egemtv.com\/index.php?rest_route=%2Fwp%2Fv2%2Fmedia&parent=26999"}],"wp:term":[{"taxonomy":"category","embeddable":true,"href":"https:\/\/www.egemtv.com\/index.php?rest_route=%2Fwp%2Fv2%2Fcategories&post=26999"},{"taxonomy":"post_tag","embeddable":true,"href":"https:\/\/www.egemtv.com\/index.php?rest_route=%2Fwp%2Fv2%2Ftags&post=26999"}],"curies":[{"name":"wp","href":"https:\/\/api.w.org\/{rel}","templated":true}]}}