{"id":26996,"date":"2025-05-07T18:56:05","date_gmt":"2025-05-07T15:56:05","guid":{"rendered":"https:\/\/www.egemtv.com\/?p=26996"},"modified":"2025-05-07T18:56:09","modified_gmt":"2025-05-07T15:56:09","slug":"sokede-feci-kaza-kamyonun-carptigi-temizlik-isleri-personeli-hayatini-kaybetti","status":"publish","type":"post","link":"https:\/\/www.egemtv.com\/?p=26996","title":{"rendered":"S\u00f6ke\u2019de feci kaza: Kamyonun \u00e7arpt\u0131\u011f\u0131 temizlik i\u015fleri personeli hayat\u0131n\u0131 kaybetti"},"content":{"rendered":"<p>Ayd\u0131n\u2019\u0131n S\u00f6ke il\u00e7esinde \u00e7\u00f6p toplama arac\u0131ndan indi\u011fi s\u0131rada bir kamyonun \u00e7arpt\u0131\u011f\u0131 belediye temizlik personeli, hayat\u0131n\u0131 kaybetti.<br \/>\n<br \/>Kaza, S\u00f6ke-Ayd\u0131n yolu \u00fczerindeki \u00e7imento fabrikas\u0131 yan\u0131nda bulunan tali yolda meydana geldi. Edinilen bilgilere g\u00f6re, S\u00f6ke Belediyesi Temizlik \u0130\u015fleri M\u00fcd\u00fcrl\u00fc\u011f\u00fc\u2019nde g\u00f6rev yapan 58 ya\u015f\u0131ndaki Mehmet \u00d6z\u2019e, \u00e7\u00f6p arac\u0131n\u0131n arkas\u0131ndayken \u00e7\u00f6p po\u015fetini almak i\u00e7in indi\u011fi s\u0131rada, seyir halindeki bir kamyon \u00e7arpt\u0131. A\u011f\u0131r yaralanan Mehmet \u00d6z, olay yerinde hayat\u0131n\u0131 kaybetti.<\/p>\n<p>Ka\u00e7an \u015fof\u00f6r\u00fcn yakalanmas\u0131 i\u00e7in \u00e7al\u0131\u015fma ba\u015flat\u0131ld\u0131<br \/>\n<br \/>\u00d6zel bir \u015firkete ait oldu\u011fu belirlenen kamyonun s\u00fcr\u00fcc\u00fcs\u00fc ise kay\u0131plara kar\u0131\u015ft\u0131. Olay yerine polis ve trafik ekipleri sevk edilirken, 09 EKG 946 plakal\u0131 kamyonunu olay yerinde b\u0131rak\u0131p ka\u00e7an \u015fof\u00f6r\u00fcn yakalanmas\u0131 i\u00e7in \u00e7al\u0131\u015fma ba\u015flat\u0131ld\u0131.<br \/>\n<br \/>\u00d6te yandan, Mehmet \u00d6z\u2019\u00fcn vefat\u0131 sevenlerini ve belediye \u00e7al\u0131\u015fanlar\u0131n\u0131 yasa bo\u011fdu.<br \/><\/p>\n","protected":false},"excerpt":{"rendered":"<p>Ayd\u0131n\u2019\u0131n S\u00f6ke il\u00e7esinde \u00e7\u00f6p toplama arac\u0131ndan indi\u011fi s\u0131rada bir kamyonun \u00e7arpt\u0131\u011f\u0131 belediye temizlik personeli, hayat\u0131n\u0131 kaybetti. Kaza, S\u00f6ke-Ayd\u0131n yolu \u00fczerindeki \u00e7imento fabrikas\u0131 yan\u0131nda bulunan tali yolda meydana geldi. Edinilen bilgilere g\u00f6re, S\u00f6ke Belediyesi Temizlik \u0130\u015fleri M\u00fcd\u00fcrl\u00fc\u011f\u00fc\u2019nde g\u00f6rev yapan 58 ya\u015f\u0131ndaki Mehmet \u00d6z\u2019e, \u00e7\u00f6p arac\u0131n\u0131n arkas\u0131ndayken \u00e7\u00f6p po\u015fetini almak i\u00e7in indi\u011fi s\u0131rada, seyir halindeki bir kamyon&#8230;<\/p>\n","protected":false},"author":1,"featured_media":26997,"comment_status":"open","ping_status":"open","sticky":false,"template":"","format":"standard","meta":{"_crdt_document":"","footnotes":""},"categories":[5],"tags":[],"class_list":["post-26996","post","type-post","status-publish","format-standard","has-post-thumbnail","hentry","category-asayis"],"_links":{"self":[{"href":"https:\/\/www.egemtv.com\/index.php?rest_route=\/wp\/v2\/posts\/26996","targetHints":{"allow":["GET"]}}],"collection":[{"href":"https:\/\/www.egemtv.com\/index.php?rest_route=\/wp\/v2\/posts"}],"about":[{"href":"https:\/\/www.egemtv.com\/index.php?rest_route=\/wp\/v2\/types\/post"}],"author":[{"embeddable":true,"href":"https:\/\/www.egemtv.com\/index.php?rest_route=\/wp\/v2\/users\/1"}],"replies":[{"embeddable":true,"href":"https:\/\/www.egemtv.com\/index.php?rest_route=%2Fwp%2Fv2%2Fcomments&post=26996"}],"version-history":[{"count":1,"href":"https:\/\/www.egemtv.com\/index.php?rest_route=\/wp\/v2\/posts\/26996\/revisions"}],"predecessor-version":[{"id":26998,"href":"https:\/\/www.egemtv.com\/index.php?rest_route=\/wp\/v2\/posts\/26996\/revisions\/26998"}],"wp:featuredmedia":[{"embeddable":true,"href":"https:\/\/www.egemtv.com\/index.php?rest_route=\/wp\/v2\/media\/26997"}],"wp:attachment":[{"href":"https:\/\/www.egemtv.com\/index.php?rest_route=%2Fwp%2Fv2%2Fmedia&parent=26996"}],"wp:term":[{"taxonomy":"category","embeddable":true,"href":"https:\/\/www.egemtv.com\/index.php?rest_route=%2Fwp%2Fv2%2Fcategories&post=26996"},{"taxonomy":"post_tag","embeddable":true,"href":"https:\/\/www.egemtv.com\/index.php?rest_route=%2Fwp%2Fv2%2Ftags&post=26996"}],"curies":[{"name":"wp","href":"https:\/\/api.w.org\/{rel}","templated":true}]}}