{"id":26993,"date":"2025-05-07T18:55:57","date_gmt":"2025-05-07T15:55:57","guid":{"rendered":"https:\/\/www.egemtv.com\/?p=26993"},"modified":"2025-05-07T18:56:05","modified_gmt":"2025-05-07T15:56:05","slug":"su-alan-22-metrelik-tekneyi-kiyem-ekipleri-kurtardi","status":"publish","type":"post","link":"https:\/\/www.egemtv.com\/?p=26993","title":{"rendered":"Su alan 22 metrelik tekneyi KIYEM ekipleri kurtard\u0131"},"content":{"rendered":"<p>Mu\u011fla\u2019n\u0131n Bodrum il\u00e7esi a\u00e7\u0131klar\u0131nda i\u00e7inde 3 ki\u015finin bulunan 22 metre boyundaki tekne su almas\u0131 \u00fczerine K\u0131y\u0131 Emniyet Genel M\u00fcd\u00fcrl\u00fc\u011f\u00fc ekipleri taraf\u0131ndan kurtar\u0131ld\u0131.<br \/>\n<br \/>Bodrum Yal\u0131\u00e7iftlik \u00f6nlerinde i\u00e7inde 3 ki\u015finin bulundu\u011fu 22 metre boyundaki teknenin su almas\u0131 \u00fczerine tekneden yap\u0131lan yard\u0131m \u00e7a\u011fr\u0131s\u0131 sonras\u0131 b\u00f6lgeyle hareket eden KIYEM-6 h\u0131zl\u0131 tahlisiye (can kurtarma) botu teknedeki su tahliye ederek A\u011fanlar Tersanesine emniyetle yana\u015ft\u0131rd\u0131.<br \/><\/p>\n","protected":false},"excerpt":{"rendered":"<p>Mu\u011fla\u2019n\u0131n Bodrum il\u00e7esi a\u00e7\u0131klar\u0131nda i\u00e7inde 3 ki\u015finin bulunan 22 metre boyundaki tekne su almas\u0131 \u00fczerine K\u0131y\u0131 Emniyet Genel M\u00fcd\u00fcrl\u00fc\u011f\u00fc ekipleri taraf\u0131ndan kurtar\u0131ld\u0131. Bodrum Yal\u0131\u00e7iftlik \u00f6nlerinde i\u00e7inde 3 ki\u015finin bulundu\u011fu 22 metre boyundaki teknenin su almas\u0131 \u00fczerine tekneden yap\u0131lan yard\u0131m \u00e7a\u011fr\u0131s\u0131 sonras\u0131 b\u00f6lgeyle hareket eden KIYEM-6 h\u0131zl\u0131 tahlisiye (can kurtarma) botu teknedeki su tahliye ederek A\u011fanlar&#8230;<\/p>\n","protected":false},"author":1,"featured_media":26994,"comment_status":"open","ping_status":"open","sticky":false,"template":"","format":"standard","meta":{"_crdt_document":"","footnotes":""},"categories":[5],"tags":[],"class_list":["post-26993","post","type-post","status-publish","format-standard","has-post-thumbnail","hentry","category-asayis"],"_links":{"self":[{"href":"https:\/\/www.egemtv.com\/index.php?rest_route=\/wp\/v2\/posts\/26993","targetHints":{"allow":["GET"]}}],"collection":[{"href":"https:\/\/www.egemtv.com\/index.php?rest_route=\/wp\/v2\/posts"}],"about":[{"href":"https:\/\/www.egemtv.com\/index.php?rest_route=\/wp\/v2\/types\/post"}],"author":[{"embeddable":true,"href":"https:\/\/www.egemtv.com\/index.php?rest_route=\/wp\/v2\/users\/1"}],"replies":[{"embeddable":true,"href":"https:\/\/www.egemtv.com\/index.php?rest_route=%2Fwp%2Fv2%2Fcomments&post=26993"}],"version-history":[{"count":1,"href":"https:\/\/www.egemtv.com\/index.php?rest_route=\/wp\/v2\/posts\/26993\/revisions"}],"predecessor-version":[{"id":26995,"href":"https:\/\/www.egemtv.com\/index.php?rest_route=\/wp\/v2\/posts\/26993\/revisions\/26995"}],"wp:featuredmedia":[{"embeddable":true,"href":"https:\/\/www.egemtv.com\/index.php?rest_route=\/wp\/v2\/media\/26994"}],"wp:attachment":[{"href":"https:\/\/www.egemtv.com\/index.php?rest_route=%2Fwp%2Fv2%2Fmedia&parent=26993"}],"wp:term":[{"taxonomy":"category","embeddable":true,"href":"https:\/\/www.egemtv.com\/index.php?rest_route=%2Fwp%2Fv2%2Fcategories&post=26993"},{"taxonomy":"post_tag","embeddable":true,"href":"https:\/\/www.egemtv.com\/index.php?rest_route=%2Fwp%2Fv2%2Ftags&post=26993"}],"curies":[{"name":"wp","href":"https:\/\/api.w.org\/{rel}","templated":true}]}}