{"id":26990,"date":"2025-05-07T18:15:14","date_gmt":"2025-05-07T15:15:14","guid":{"rendered":"https:\/\/www.egemtv.com\/?p=26990"},"modified":"2025-05-07T18:15:18","modified_gmt":"2025-05-07T15:15:18","slug":"kulada-otomobil-ile-motosiklet-carpisti-1-yarali","status":"publish","type":"post","link":"https:\/\/www.egemtv.com\/?p=26990","title":{"rendered":"Kula\u2019da otomobil ile motosiklet \u00e7arp\u0131\u015ft\u0131: 1 yaral\u0131"},"content":{"rendered":"<p>Manisa\u2019n\u0131n Kula il\u00e7esinde otomobil ile motosikletin \u00e7arp\u0131\u015fmas\u0131 sonucu meydana gelen kazada 1 ki\u015fi yaraland\u0131.<br \/>\n<br \/>Kaza saat 16.00 s\u0131ralar\u0131nda 4 Eyl\u00fcl Mahallesi Yeni Kapal\u0131 Pazar Yeri \u00f6n\u00fcnde meydana geldi. Edinilen bilgiye g\u00f6re, G.A. idaresindeki 45 AIM 808 plakal\u0131 otomobil ile H.H.D. (46) idaresindeki 45 RA 2419 plakal\u0131 motosiklet \u00e7arp\u0131\u015ft\u0131. \u00c7arpman\u0131n \u015fiddetiyle motosiklet \u00fczerinden savrulan s\u00fcr\u00fcc\u00fc yaraland\u0131. Kazay\u0131 g\u00f6renlerin olay\u0131 112 Acil \u00c7a\u011fr\u0131 Merkezi\u2019ne bildirmesi \u00fczerine b\u00f6lgeye yerine ambulans ve polis ekipleri sevk edildi. \u0130lk m\u00fcdahalesi olay yerinde yap\u0131lan s\u00fcr\u00fcc\u00fc daha sonra sa\u011fl\u0131k ekipleri taraf\u0131ndan Kula Devlet Hastanesi\u2019ne kald\u0131r\u0131ld\u0131. Motosiklet s\u00fcr\u00fcc\u00fcs\u00fcn\u00fcn durumunun iyi oldu\u011fu \u00f6\u011frenilirken, kazayla ilgili soru\u015fturma ba\u015flat\u0131ld\u0131.<br \/><\/p>\n","protected":false},"excerpt":{"rendered":"<p>Manisa\u2019n\u0131n Kula il\u00e7esinde otomobil ile motosikletin \u00e7arp\u0131\u015fmas\u0131 sonucu meydana gelen kazada 1 ki\u015fi yaraland\u0131. Kaza saat 16.00 s\u0131ralar\u0131nda 4 Eyl\u00fcl Mahallesi Yeni Kapal\u0131 Pazar Yeri \u00f6n\u00fcnde meydana geldi. Edinilen bilgiye g\u00f6re, G.A. idaresindeki 45 AIM 808 plakal\u0131 otomobil ile H.H.D. (46) idaresindeki 45 RA 2419 plakal\u0131 motosiklet \u00e7arp\u0131\u015ft\u0131. \u00c7arpman\u0131n \u015fiddetiyle motosiklet \u00fczerinden savrulan s\u00fcr\u00fcc\u00fc yaraland\u0131&#8230;.<\/p>\n","protected":false},"author":1,"featured_media":26991,"comment_status":"open","ping_status":"open","sticky":false,"template":"","format":"standard","meta":{"_crdt_document":"","footnotes":""},"categories":[5],"tags":[],"class_list":["post-26990","post","type-post","status-publish","format-standard","has-post-thumbnail","hentry","category-asayis"],"_links":{"self":[{"href":"https:\/\/www.egemtv.com\/index.php?rest_route=\/wp\/v2\/posts\/26990","targetHints":{"allow":["GET"]}}],"collection":[{"href":"https:\/\/www.egemtv.com\/index.php?rest_route=\/wp\/v2\/posts"}],"about":[{"href":"https:\/\/www.egemtv.com\/index.php?rest_route=\/wp\/v2\/types\/post"}],"author":[{"embeddable":true,"href":"https:\/\/www.egemtv.com\/index.php?rest_route=\/wp\/v2\/users\/1"}],"replies":[{"embeddable":true,"href":"https:\/\/www.egemtv.com\/index.php?rest_route=%2Fwp%2Fv2%2Fcomments&post=26990"}],"version-history":[{"count":1,"href":"https:\/\/www.egemtv.com\/index.php?rest_route=\/wp\/v2\/posts\/26990\/revisions"}],"predecessor-version":[{"id":26992,"href":"https:\/\/www.egemtv.com\/index.php?rest_route=\/wp\/v2\/posts\/26990\/revisions\/26992"}],"wp:featuredmedia":[{"embeddable":true,"href":"https:\/\/www.egemtv.com\/index.php?rest_route=\/wp\/v2\/media\/26991"}],"wp:attachment":[{"href":"https:\/\/www.egemtv.com\/index.php?rest_route=%2Fwp%2Fv2%2Fmedia&parent=26990"}],"wp:term":[{"taxonomy":"category","embeddable":true,"href":"https:\/\/www.egemtv.com\/index.php?rest_route=%2Fwp%2Fv2%2Fcategories&post=26990"},{"taxonomy":"post_tag","embeddable":true,"href":"https:\/\/www.egemtv.com\/index.php?rest_route=%2Fwp%2Fv2%2Ftags&post=26990"}],"curies":[{"name":"wp","href":"https:\/\/api.w.org\/{rel}","templated":true}]}}