{"id":26987,"date":"2025-05-07T17:56:48","date_gmt":"2025-05-07T14:56:48","guid":{"rendered":"https:\/\/www.egemtv.com\/?p=26987"},"modified":"2025-05-07T17:56:54","modified_gmt":"2025-05-07T14:56:54","slug":"cinede-anaokulu-ogrencilerine-trafik-egitimi-verildi","status":"publish","type":"post","link":"https:\/\/www.egemtv.com\/?p=26987","title":{"rendered":"\u00c7ine\u2019de Anaokulu \u00f6\u011frencilerine trafik e\u011fitimi verildi"},"content":{"rendered":"<p>Ayd\u0131n\u2019\u0131n \u00c7ine il\u00e7esinde anaokulu \u00f6\u011frencilerine trafikte uyulmas\u0131 gereken kurallar uygulamal\u0131 olarak anlat\u0131ld\u0131.<\/p>\n<p>\u00c7ine Kaymakam\u0131 Murat B\u00fcy\u00fckk\u00f6se\u2019nin kat\u0131l\u0131m\u0131 ile \u00c7ine \u0130l\u00e7e Jandarma Komutanl\u0131\u011f\u0131 ve \u00c7ine \u0130l\u00e7e Emniyet Amirli\u011fi taraf\u0131ndan &#8220;Trafik Haftas\u0131 &#8221; kapsam\u0131nda, \u00c7ine Fatma \u00d6z ve Ayhan Y\u0131ld\u0131z Anaokulu \u00f6\u011frencilerine Trafik Jandarmas\u0131 ve Trafik Polisi taraf\u0131ndan Tim Jandarma \u00e7izgi filmi izletildi. Etkinlikte \u00f6\u011frencilere ak\u00fcl\u00fc araba parkuru, Survivor parkuru faaliyetleri ger\u00e7ekle\u015ftirildi. Faaliyetlerde minik \u00f6\u011frencilere \u00f6nce yaya e\u011fitimi, okul servislerinde inme ve binme kurallar\u0131, ara\u00e7larda emniyet kemeri kullanman\u0131n \u00f6nemi, trafikte g\u00f6r\u00fcn\u00fcrl\u00fck ile yaya ve okul ge\u00e7itlerinde hareket tarz\u0131 konular\u0131nda uygulamal\u0131 e\u011fitim verildi. E\u011fitimde 125 anaokulu \u00f6\u011frencisine ve 15 \u00f6\u011fretmene \u00e7e\u015fitli ikramlarda bulunarak T\u00fcrk Bayra\u011f\u0131 verildi.<br \/><\/p>\n","protected":false},"excerpt":{"rendered":"<p>Ayd\u0131n\u2019\u0131n \u00c7ine il\u00e7esinde anaokulu \u00f6\u011frencilerine trafikte uyulmas\u0131 gereken kurallar uygulamal\u0131 olarak anlat\u0131ld\u0131. \u00c7ine Kaymakam\u0131 Murat B\u00fcy\u00fckk\u00f6se\u2019nin kat\u0131l\u0131m\u0131 ile \u00c7ine \u0130l\u00e7e Jandarma Komutanl\u0131\u011f\u0131 ve \u00c7ine \u0130l\u00e7e Emniyet Amirli\u011fi taraf\u0131ndan &#8220;Trafik Haftas\u0131 &#8221; kapsam\u0131nda, \u00c7ine Fatma \u00d6z ve Ayhan Y\u0131ld\u0131z Anaokulu \u00f6\u011frencilerine Trafik Jandarmas\u0131 ve Trafik Polisi taraf\u0131ndan Tim Jandarma \u00e7izgi filmi izletildi. Etkinlikte \u00f6\u011frencilere ak\u00fcl\u00fc araba&#8230;<\/p>\n","protected":false},"author":1,"featured_media":26988,"comment_status":"open","ping_status":"open","sticky":false,"template":"","format":"standard","meta":{"_crdt_document":"","footnotes":""},"categories":[1],"tags":[],"class_list":["post-26987","post","type-post","status-publish","format-standard","has-post-thumbnail","hentry","category-guncel"],"_links":{"self":[{"href":"https:\/\/www.egemtv.com\/index.php?rest_route=\/wp\/v2\/posts\/26987","targetHints":{"allow":["GET"]}}],"collection":[{"href":"https:\/\/www.egemtv.com\/index.php?rest_route=\/wp\/v2\/posts"}],"about":[{"href":"https:\/\/www.egemtv.com\/index.php?rest_route=\/wp\/v2\/types\/post"}],"author":[{"embeddable":true,"href":"https:\/\/www.egemtv.com\/index.php?rest_route=\/wp\/v2\/users\/1"}],"replies":[{"embeddable":true,"href":"https:\/\/www.egemtv.com\/index.php?rest_route=%2Fwp%2Fv2%2Fcomments&post=26987"}],"version-history":[{"count":1,"href":"https:\/\/www.egemtv.com\/index.php?rest_route=\/wp\/v2\/posts\/26987\/revisions"}],"predecessor-version":[{"id":26989,"href":"https:\/\/www.egemtv.com\/index.php?rest_route=\/wp\/v2\/posts\/26987\/revisions\/26989"}],"wp:featuredmedia":[{"embeddable":true,"href":"https:\/\/www.egemtv.com\/index.php?rest_route=\/wp\/v2\/media\/26988"}],"wp:attachment":[{"href":"https:\/\/www.egemtv.com\/index.php?rest_route=%2Fwp%2Fv2%2Fmedia&parent=26987"}],"wp:term":[{"taxonomy":"category","embeddable":true,"href":"https:\/\/www.egemtv.com\/index.php?rest_route=%2Fwp%2Fv2%2Fcategories&post=26987"},{"taxonomy":"post_tag","embeddable":true,"href":"https:\/\/www.egemtv.com\/index.php?rest_route=%2Fwp%2Fv2%2Ftags&post=26987"}],"curies":[{"name":"wp","href":"https:\/\/api.w.org\/{rel}","templated":true}]}}