{"id":26981,"date":"2025-05-07T17:16:34","date_gmt":"2025-05-07T14:16:34","guid":{"rendered":"https:\/\/www.egemtv.com\/?p=26981"},"modified":"2025-05-07T17:16:39","modified_gmt":"2025-05-07T14:16:39","slug":"germencikte-devrilen-traktorun-altinda-kalan-sahis-hayatini-kaybetti","status":"publish","type":"post","link":"https:\/\/www.egemtv.com\/?p=26981","title":{"rendered":"Germencik\u2019te devrilen trakt\u00f6r\u00fcn alt\u0131nda kalan \u015fah\u0131s hayat\u0131n\u0131 kaybetti"},"content":{"rendered":"<p>Ayd\u0131n\u2019\u0131n Germencik il\u00e7esinde meydana gelen trakt\u00f6r kazas\u0131nda 1 ki\u015fi hayat\u0131n\u0131 kaybetti.<\/p>\n<p>Olay, H\u0131d\u0131rbeyli Mahallesi\u2019nde meydana geldi. Edinilen bilgiye g\u00f6re, bir bah\u00e7ede hareket halinde olan trakt\u00f6r s\u00fcr\u00fcc\u00fcs\u00fcn\u00fcn direksiyon hakimiyetini kaybetmesi sonucu devrildi. Trakt\u00f6r\u00fcn devrildi\u011fini g\u00f6renler durumu 112 Acil \u00c7a\u011fr\u0131 Merkezi\u2019ne bildirdi. \u0130hbar \u00fczerine b\u00f6lgeye sa\u011fl\u0131k, itfaiye ve jandarma ekipleri sevk edildi. K\u0131sa s\u00fcrede olay yerine gelen sa\u011fl\u0131k ekipleri yapt\u0131klar\u0131 kontrollerde trakt\u00f6r\u00fcn alt\u0131nda kalan Do\u011fan Uysal\u2019\u0131n hayat\u0131n\u0131 kaybetti\u011fini belirledi. Uysal\u2019\u0131n \u00f6l\u00fcm haberini alan yak\u0131nlar\u0131 yasa bo\u011fulurken, \u015fahs\u0131n cans\u0131z bedeni Ayd\u0131n B\u00fcy\u00fck\u015fehir Belediyesi \u0130tfaiye Daire Ba\u015fkanl\u0131\u011f\u0131 ekiplerinin \u00e7al\u0131\u015fmalar\u0131 ile \u00e7\u0131kart\u0131ld\u0131. Olay yeri inceleme \u00e7al\u0131\u015fmalar\u0131n\u0131n ard\u0131ndan Uysal\u2019\u0131n cans\u0131z bedeni hastane morguna kald\u0131r\u0131ld\u0131.<\/p>\n<p>Olayla ilgili soru\u015fturma s\u00fcr\u00fcyor.<br \/><\/p>\n","protected":false},"excerpt":{"rendered":"<p>Ayd\u0131n\u2019\u0131n Germencik il\u00e7esinde meydana gelen trakt\u00f6r kazas\u0131nda 1 ki\u015fi hayat\u0131n\u0131 kaybetti. Olay, H\u0131d\u0131rbeyli Mahallesi\u2019nde meydana geldi. Edinilen bilgiye g\u00f6re, bir bah\u00e7ede hareket halinde olan trakt\u00f6r s\u00fcr\u00fcc\u00fcs\u00fcn\u00fcn direksiyon hakimiyetini kaybetmesi sonucu devrildi. Trakt\u00f6r\u00fcn devrildi\u011fini g\u00f6renler durumu 112 Acil \u00c7a\u011fr\u0131 Merkezi\u2019ne bildirdi. \u0130hbar \u00fczerine b\u00f6lgeye sa\u011fl\u0131k, itfaiye ve jandarma ekipleri sevk edildi. K\u0131sa s\u00fcrede olay yerine gelen&#8230;<\/p>\n","protected":false},"author":1,"featured_media":26982,"comment_status":"open","ping_status":"open","sticky":false,"template":"","format":"standard","meta":{"_crdt_document":"","footnotes":""},"categories":[5],"tags":[],"class_list":["post-26981","post","type-post","status-publish","format-standard","has-post-thumbnail","hentry","category-asayis"],"_links":{"self":[{"href":"https:\/\/www.egemtv.com\/index.php?rest_route=\/wp\/v2\/posts\/26981","targetHints":{"allow":["GET"]}}],"collection":[{"href":"https:\/\/www.egemtv.com\/index.php?rest_route=\/wp\/v2\/posts"}],"about":[{"href":"https:\/\/www.egemtv.com\/index.php?rest_route=\/wp\/v2\/types\/post"}],"author":[{"embeddable":true,"href":"https:\/\/www.egemtv.com\/index.php?rest_route=\/wp\/v2\/users\/1"}],"replies":[{"embeddable":true,"href":"https:\/\/www.egemtv.com\/index.php?rest_route=%2Fwp%2Fv2%2Fcomments&post=26981"}],"version-history":[{"count":1,"href":"https:\/\/www.egemtv.com\/index.php?rest_route=\/wp\/v2\/posts\/26981\/revisions"}],"predecessor-version":[{"id":26983,"href":"https:\/\/www.egemtv.com\/index.php?rest_route=\/wp\/v2\/posts\/26981\/revisions\/26983"}],"wp:featuredmedia":[{"embeddable":true,"href":"https:\/\/www.egemtv.com\/index.php?rest_route=\/wp\/v2\/media\/26982"}],"wp:attachment":[{"href":"https:\/\/www.egemtv.com\/index.php?rest_route=%2Fwp%2Fv2%2Fmedia&parent=26981"}],"wp:term":[{"taxonomy":"category","embeddable":true,"href":"https:\/\/www.egemtv.com\/index.php?rest_route=%2Fwp%2Fv2%2Fcategories&post=26981"},{"taxonomy":"post_tag","embeddable":true,"href":"https:\/\/www.egemtv.com\/index.php?rest_route=%2Fwp%2Fv2%2Ftags&post=26981"}],"curies":[{"name":"wp","href":"https:\/\/api.w.org\/{rel}","templated":true}]}}