{"id":26978,"date":"2025-05-07T16:56:39","date_gmt":"2025-05-07T13:56:39","guid":{"rendered":"https:\/\/www.egemtv.com\/?p=26978"},"modified":"2025-05-07T16:56:46","modified_gmt":"2025-05-07T13:56:46","slug":"yunusemreli-judoculardan-avusturyada-buyuk-basari","status":"publish","type":"post","link":"https:\/\/www.egemtv.com\/?p=26978","title":{"rendered":"Yunusemreli judoculardan Avusturya\u2019da b\u00fcy\u00fck ba\u015far\u0131"},"content":{"rendered":"<p>Yunusemre Belediyespor\u2019un judocular\u0131, Avusturya\u2019da d\u00fczenlenen Uluslararas\u0131 Judo Turnuvas\u0131\u2019ndan (Austria Cup Zeltweg 2025) kupa ve madalyalarla d\u00f6nd\u00fc.<br \/>\n<br \/>Judo altyap\u0131s\u0131na b\u00fcy\u00fck \u00f6nem veren Yunusemre Belediyespor, Avusturya\u2019da d\u00fczenlenen Uluslararas\u0131 Judo Turnuvas\u0131\u2019nda (Austria Cup Zeltweg 2025) b\u00fcy\u00fck bir ba\u015far\u0131ya imza att\u0131. Kat\u0131ld\u0131\u011f\u0131 bir\u00e7ok kategoride madalyalar\u0131 toplayan Yunusemreli sporcular, genel s\u0131ralamada ise T\u00fcrkiye\u2019ye \u00fc\u00e7\u00fcnc\u00fcl\u00fck kupas\u0131n\u0131 kazand\u0131rd\u0131. Buna g\u00f6re k\u0131zlarda minikler 32 kiloda Melek Bal birinci, 46 kiloda Ta\u00e7min Ero\u011flu ikinci, y\u0131ld\u0131zlar 32 kiloda Melek Bal birinci, 40 kiloda Elif \u015ean\u0131er ikinci, 36 kiloda Rabia Tekin \u00fc\u00e7\u00fcnc\u00fc, \u00fcmitler 36 kiloda Rabia Tekin birinci, 40 kiloda Elif \u015ean\u0131er \u00fc\u00e7\u00fcnc\u00fc oldu. Erkeklerde ise k\u00fc\u00e7\u00fckler 34 kiloda Ey\u00fcp Ensar D\u00fczl\u00fck \u00fc\u00e7\u00fcnc\u00fc, s\u00fcper minikler 30 kiloda H\u00fcseyin Kumsar \u00fc\u00e7\u00fcnc\u00fc, minikler 34 kiloda Ya\u011f\u0131z Duman birinci, 30 kiloda Ya\u011f\u0131z Emre Y\u0131ld\u0131r\u0131m \u00fc\u00e7\u00fcnc\u00fc, y\u0131ld\u0131zlar 38 kiloda O\u011fuzhan Uygun ikinci, \u00fcmitler 38 kiloda \u015eakir Tuna Ko\u00e7t\u00fcrk \u00fc\u00e7\u00fcnc\u00fc olmay\u0131 ba\u015fard\u0131.<br \/>\n<br \/>Sporcular\u0131, antren\u00f6rlerini ve ailelerini tebrik eden Yunusemre Belediyespor Kul\u00fcp Ba\u015fkan\u0131 B\u00fclent Kanik, &#8220;Turnuvada \u00fclkemizi en iyi \u015fekilde temsil eden ekibimizle gurur duyuyoruz. Spora ve sporcuya her daim destek veren Yunusemre Belediye Ba\u015fkan\u0131m\u0131z Semih Balaban\u2019a te\u015fekk\u00fcr ederiz&#8221; dedi.<br \/><\/p>\n","protected":false},"excerpt":{"rendered":"<p>Yunusemre Belediyespor\u2019un judocular\u0131, Avusturya\u2019da d\u00fczenlenen Uluslararas\u0131 Judo Turnuvas\u0131\u2019ndan (Austria Cup Zeltweg 2025) kupa ve madalyalarla d\u00f6nd\u00fc. Judo altyap\u0131s\u0131na b\u00fcy\u00fck \u00f6nem veren Yunusemre Belediyespor, Avusturya\u2019da d\u00fczenlenen Uluslararas\u0131 Judo Turnuvas\u0131\u2019nda (Austria Cup Zeltweg 2025) b\u00fcy\u00fck bir ba\u015far\u0131ya imza att\u0131. Kat\u0131ld\u0131\u011f\u0131 bir\u00e7ok kategoride madalyalar\u0131 toplayan Yunusemreli sporcular, genel s\u0131ralamada ise T\u00fcrkiye\u2019ye \u00fc\u00e7\u00fcnc\u00fcl\u00fck kupas\u0131n\u0131 kazand\u0131rd\u0131. Buna g\u00f6re k\u0131zlarda minikler&#8230;<\/p>\n","protected":false},"author":1,"featured_media":26979,"comment_status":"open","ping_status":"open","sticky":false,"template":"","format":"standard","meta":{"_crdt_document":"","footnotes":""},"categories":[4],"tags":[],"class_list":["post-26978","post","type-post","status-publish","format-standard","has-post-thumbnail","hentry","category-spor"],"_links":{"self":[{"href":"https:\/\/www.egemtv.com\/index.php?rest_route=\/wp\/v2\/posts\/26978","targetHints":{"allow":["GET"]}}],"collection":[{"href":"https:\/\/www.egemtv.com\/index.php?rest_route=\/wp\/v2\/posts"}],"about":[{"href":"https:\/\/www.egemtv.com\/index.php?rest_route=\/wp\/v2\/types\/post"}],"author":[{"embeddable":true,"href":"https:\/\/www.egemtv.com\/index.php?rest_route=\/wp\/v2\/users\/1"}],"replies":[{"embeddable":true,"href":"https:\/\/www.egemtv.com\/index.php?rest_route=%2Fwp%2Fv2%2Fcomments&post=26978"}],"version-history":[{"count":1,"href":"https:\/\/www.egemtv.com\/index.php?rest_route=\/wp\/v2\/posts\/26978\/revisions"}],"predecessor-version":[{"id":26980,"href":"https:\/\/www.egemtv.com\/index.php?rest_route=\/wp\/v2\/posts\/26978\/revisions\/26980"}],"wp:featuredmedia":[{"embeddable":true,"href":"https:\/\/www.egemtv.com\/index.php?rest_route=\/wp\/v2\/media\/26979"}],"wp:attachment":[{"href":"https:\/\/www.egemtv.com\/index.php?rest_route=%2Fwp%2Fv2%2Fmedia&parent=26978"}],"wp:term":[{"taxonomy":"category","embeddable":true,"href":"https:\/\/www.egemtv.com\/index.php?rest_route=%2Fwp%2Fv2%2Fcategories&post=26978"},{"taxonomy":"post_tag","embeddable":true,"href":"https:\/\/www.egemtv.com\/index.php?rest_route=%2Fwp%2Fv2%2Ftags&post=26978"}],"curies":[{"name":"wp","href":"https:\/\/api.w.org\/{rel}","templated":true}]}}