{"id":26975,"date":"2025-05-07T16:56:33","date_gmt":"2025-05-07T13:56:33","guid":{"rendered":"https:\/\/www.egemtv.com\/?p=26975"},"modified":"2025-05-07T16:56:39","modified_gmt":"2025-05-07T13:56:39","slug":"ulada-trafik-kazasi-1-yarali","status":"publish","type":"post","link":"https:\/\/www.egemtv.com\/?p=26975","title":{"rendered":"Ula\u2019da trafik kazas\u0131: 1 yaral\u0131"},"content":{"rendered":"<p>Mu\u011fla\u2019n\u0131n Ula il\u00e7esi s\u0131n\u0131rlar\u0131nda bulunan Sakar rampas\u0131nda meydana gelen trafik kazas\u0131nda 1 ki\u015fi hafif \u015fekilde yaraland\u0131.<\/p>\n<p>Edinilen bilgiye g\u00f6re, kaza saat 15.10 s\u0131ralar\u0131nda, Mu\u011fla-Antalya Karayolu Sakar mevkii Antalya istikametinde meydana geldi. 20 B 5735 plakal\u0131 otomobilin s\u00fcr\u00fcc\u00fcs\u00fcn\u00fcn direksiyon h\u00e2kimiyetini kaybetmesi sonucu yoldan \u00e7\u0131karak kaza yapt\u0131. Olayda, ara\u00e7 s\u00fcr\u00fcc\u00fcs\u00fc hafif \u015fekilde yaraland\u0131.<br \/>\n<br \/>Kazay\u0131 g\u00f6ren vatanda\u015flar\u0131n 112 Acil \u00c7a\u011fr\u0131 Merkezi\u2019ne yapt\u0131\u011f\u0131 ihbar \u00fczerine, olay yerine sa\u011fl\u0131k, jandarma ve polis ekipleri sevk edildi. B\u00f6lgeye gelen sa\u011fl\u0131k ekipleri taraf\u0131ndan ilk m\u00fcdahalesi olay yerinde yap\u0131lan yaral\u0131, Mu\u011fla E\u011fitim ve Ara\u015ft\u0131rma Hastanesi\u2019ne kald\u0131r\u0131ld\u0131.<br \/>\n<br \/>Hastaneye sevk edilen s\u00fcr\u00fcc\u00fcn\u00fcn sa\u011fl\u0131k durumunun iyi oldu\u011fu \u00f6\u011frenildi.<\/p>\n<p>Kazayla ilgili soru\u015fturma s\u00fcr\u00fcyor.<br \/><\/p>\n","protected":false},"excerpt":{"rendered":"<p>Mu\u011fla\u2019n\u0131n Ula il\u00e7esi s\u0131n\u0131rlar\u0131nda bulunan Sakar rampas\u0131nda meydana gelen trafik kazas\u0131nda 1 ki\u015fi hafif \u015fekilde yaraland\u0131. Edinilen bilgiye g\u00f6re, kaza saat 15.10 s\u0131ralar\u0131nda, Mu\u011fla-Antalya Karayolu Sakar mevkii Antalya istikametinde meydana geldi. 20 B 5735 plakal\u0131 otomobilin s\u00fcr\u00fcc\u00fcs\u00fcn\u00fcn direksiyon h\u00e2kimiyetini kaybetmesi sonucu yoldan \u00e7\u0131karak kaza yapt\u0131. Olayda, ara\u00e7 s\u00fcr\u00fcc\u00fcs\u00fc hafif \u015fekilde yaraland\u0131. Kazay\u0131 g\u00f6ren vatanda\u015flar\u0131n 112&#8230;<\/p>\n","protected":false},"author":1,"featured_media":26976,"comment_status":"open","ping_status":"open","sticky":false,"template":"","format":"standard","meta":{"_crdt_document":"","footnotes":""},"categories":[5],"tags":[],"class_list":["post-26975","post","type-post","status-publish","format-standard","has-post-thumbnail","hentry","category-asayis"],"_links":{"self":[{"href":"https:\/\/www.egemtv.com\/index.php?rest_route=\/wp\/v2\/posts\/26975","targetHints":{"allow":["GET"]}}],"collection":[{"href":"https:\/\/www.egemtv.com\/index.php?rest_route=\/wp\/v2\/posts"}],"about":[{"href":"https:\/\/www.egemtv.com\/index.php?rest_route=\/wp\/v2\/types\/post"}],"author":[{"embeddable":true,"href":"https:\/\/www.egemtv.com\/index.php?rest_route=\/wp\/v2\/users\/1"}],"replies":[{"embeddable":true,"href":"https:\/\/www.egemtv.com\/index.php?rest_route=%2Fwp%2Fv2%2Fcomments&post=26975"}],"version-history":[{"count":1,"href":"https:\/\/www.egemtv.com\/index.php?rest_route=\/wp\/v2\/posts\/26975\/revisions"}],"predecessor-version":[{"id":26977,"href":"https:\/\/www.egemtv.com\/index.php?rest_route=\/wp\/v2\/posts\/26975\/revisions\/26977"}],"wp:featuredmedia":[{"embeddable":true,"href":"https:\/\/www.egemtv.com\/index.php?rest_route=\/wp\/v2\/media\/26976"}],"wp:attachment":[{"href":"https:\/\/www.egemtv.com\/index.php?rest_route=%2Fwp%2Fv2%2Fmedia&parent=26975"}],"wp:term":[{"taxonomy":"category","embeddable":true,"href":"https:\/\/www.egemtv.com\/index.php?rest_route=%2Fwp%2Fv2%2Fcategories&post=26975"},{"taxonomy":"post_tag","embeddable":true,"href":"https:\/\/www.egemtv.com\/index.php?rest_route=%2Fwp%2Fv2%2Ftags&post=26975"}],"curies":[{"name":"wp","href":"https:\/\/api.w.org\/{rel}","templated":true}]}}