{"id":26972,"date":"2025-05-07T16:16:50","date_gmt":"2025-05-07T13:16:50","guid":{"rendered":"https:\/\/www.egemtv.com\/?p=26972"},"modified":"2025-05-07T16:16:54","modified_gmt":"2025-05-07T13:16:54","slug":"gazzedeki-soykirim-nedeniyle-turgutlunun-6-okulunda-mezuniyet-kutlamalari-iptal-edildi","status":"publish","type":"post","link":"https:\/\/www.egemtv.com\/?p=26972","title":{"rendered":"Gazze\u2019deki soyk\u0131r\u0131m nedeniyle Turgutlu\u2019nun 6 okulunda mezuniyet kutlamalar\u0131 iptal edildi"},"content":{"rendered":"<p>Manisa\u2019n\u0131n Turgutlu il\u00e7esine ba\u011fl\u0131 Urganl\u0131 Mahallesi\u2019nde bulunan 6 okul, \u0130srail\u2019in Gazze\u2019de ger\u00e7ekle\u015ftirdi\u011fi sald\u0131r\u0131lara dikkat \u00e7ekmek ve hayat\u0131n\u0131 kaybeden masum \u00e7ocuklar\u0131 anmak amac\u0131yla bu y\u0131l mezuniyet t\u00f6reni ve e\u011flencelerini iptal etme karar\u0131 ald\u0131.<br \/>\n<br \/>Al\u0131nan ortak karar do\u011frultusunda, Urganl\u0131\u2019daki \u00f6\u011fretmenler ve \u00f6\u011frencilerin de destek verdi\u011fi bu anlaml\u0131 duru\u015f, 4. E\u011fitim B\u00f6lgesi M\u00fcd\u00fcr\u00fc Mustafa Demirarslan taraf\u0131ndan kamuoyuna duyuruldu.<br \/>\n<br \/>Demirarslan yapt\u0131\u011f\u0131 a\u00e7\u0131klamada, &#8220;Maalesef Gazze\u2019de yap\u0131lan soyk\u0131r\u0131m\u0131n, katledilen kad\u0131n ve \u00e7ocuklar\u0131n sesine d\u00fcnya halen sessiz kal\u0131yor. Bu yap\u0131lan katliam\u0131 bizler de b\u00fcy\u00fck bir ac\u0131 ile seyrediyoruz. Gazze\u2019de a\u00e7l\u0131k, susuzluk ve bu vah\u015fet ya\u015fan\u0131rken bizler de bu duruma kay\u0131ts\u0131z kalmamak ad\u0131na, \u00f6\u011fretmen ve \u00f6\u011frencilerimizin destek verdi\u011fi bu kararla, bu y\u0131l okullar\u0131m\u0131zda mezuniyet e\u011flencesi ve t\u00f6renlerini yapmama karar\u0131 ald\u0131k&#8221; ifadelerini kulland\u0131.<br \/>\n<br \/>Karar\u0131 destekleyen okul m\u00fcd\u00fcrleri \u015f\u00f6yle: Urganl\u0131 \u00c7ok Programl\u0131 Anadolu Lisesi M\u00fcd\u00fcr\u00fc Ha\u015fim Y\u0131ld\u0131r\u0131m, Urganl\u0131 23 Nisan Ortaokulu M\u00fcd\u00fcr\u00fc Durmu\u015f Akt\u00fcrk, Urganl\u0131 \u0130mam Hatip Ortaokulu M\u00fcd\u00fcr\u00fc Mustafa Demirarslan, Urganl\u0131 Atat\u00fcrk \u0130lkokulu M\u00fcd\u00fcr\u00fc Metin Karake\u00e7ili, Urganl\u0131 Besime I\u015f\u0131ldak \u0130lkokulu M\u00fcd\u00fcr\u00fc Hasan Pala, Ak\u00e7ap\u0131nar \u0130lk ve Ortaokulu M\u00fcd\u00fcr\u00fc Erdal \u00c7andar.<br \/>\n<br \/>Bu kararla birlikte \u00f6\u011frenciler, Gazze\u2019deki mazlum halk\u0131n ac\u0131lar\u0131na ortak olurken, toplumsal duyarl\u0131l\u0131\u011f\u0131n da g\u00fc\u00e7l\u00fc bir \u00f6rne\u011fini sergilemi\u015f oldu.<br \/><\/p>\n","protected":false},"excerpt":{"rendered":"<p>Manisa\u2019n\u0131n Turgutlu il\u00e7esine ba\u011fl\u0131 Urganl\u0131 Mahallesi\u2019nde bulunan 6 okul, \u0130srail\u2019in Gazze\u2019de ger\u00e7ekle\u015ftirdi\u011fi sald\u0131r\u0131lara dikkat \u00e7ekmek ve hayat\u0131n\u0131 kaybeden masum \u00e7ocuklar\u0131 anmak amac\u0131yla bu y\u0131l mezuniyet t\u00f6reni ve e\u011flencelerini iptal etme karar\u0131 ald\u0131. Al\u0131nan ortak karar do\u011frultusunda, Urganl\u0131\u2019daki \u00f6\u011fretmenler ve \u00f6\u011frencilerin de destek verdi\u011fi bu anlaml\u0131 duru\u015f, 4. E\u011fitim B\u00f6lgesi M\u00fcd\u00fcr\u00fc Mustafa Demirarslan taraf\u0131ndan kamuoyuna duyuruldu&#8230;.<\/p>\n","protected":false},"author":1,"featured_media":26973,"comment_status":"open","ping_status":"open","sticky":false,"template":"","format":"standard","meta":{"_crdt_document":"","footnotes":""},"categories":[1],"tags":[],"class_list":["post-26972","post","type-post","status-publish","format-standard","has-post-thumbnail","hentry","category-guncel"],"_links":{"self":[{"href":"https:\/\/www.egemtv.com\/index.php?rest_route=\/wp\/v2\/posts\/26972","targetHints":{"allow":["GET"]}}],"collection":[{"href":"https:\/\/www.egemtv.com\/index.php?rest_route=\/wp\/v2\/posts"}],"about":[{"href":"https:\/\/www.egemtv.com\/index.php?rest_route=\/wp\/v2\/types\/post"}],"author":[{"embeddable":true,"href":"https:\/\/www.egemtv.com\/index.php?rest_route=\/wp\/v2\/users\/1"}],"replies":[{"embeddable":true,"href":"https:\/\/www.egemtv.com\/index.php?rest_route=%2Fwp%2Fv2%2Fcomments&post=26972"}],"version-history":[{"count":1,"href":"https:\/\/www.egemtv.com\/index.php?rest_route=\/wp\/v2\/posts\/26972\/revisions"}],"predecessor-version":[{"id":26974,"href":"https:\/\/www.egemtv.com\/index.php?rest_route=\/wp\/v2\/posts\/26972\/revisions\/26974"}],"wp:featuredmedia":[{"embeddable":true,"href":"https:\/\/www.egemtv.com\/index.php?rest_route=\/wp\/v2\/media\/26973"}],"wp:attachment":[{"href":"https:\/\/www.egemtv.com\/index.php?rest_route=%2Fwp%2Fv2%2Fmedia&parent=26972"}],"wp:term":[{"taxonomy":"category","embeddable":true,"href":"https:\/\/www.egemtv.com\/index.php?rest_route=%2Fwp%2Fv2%2Fcategories&post=26972"},{"taxonomy":"post_tag","embeddable":true,"href":"https:\/\/www.egemtv.com\/index.php?rest_route=%2Fwp%2Fv2%2Ftags&post=26972"}],"curies":[{"name":"wp","href":"https:\/\/api.w.org\/{rel}","templated":true}]}}