{"id":26969,"date":"2025-05-07T16:16:45","date_gmt":"2025-05-07T13:16:45","guid":{"rendered":"https:\/\/www.egemtv.com\/?p=26969"},"modified":"2025-05-07T16:16:50","modified_gmt":"2025-05-07T13:16:50","slug":"baskan-ozluer-gorevi-birakacagini-acikladi","status":"publish","type":"post","link":"https:\/\/www.egemtv.com\/?p=26969","title":{"rendered":"Ba\u015fkan \u00d6zl\u00fcer g\u00f6revi b\u0131rakaca\u011f\u0131n\u0131 a\u00e7\u0131klad\u0131"},"content":{"rendered":"<p>Yeni sezonda B\u00f6lgesel Amat\u00f6r Lig\u2019de (BAL) m\u00fccadele etmeye haz\u0131rlanan Ayd\u0131nspor\u2019da s\u00fcrpriz bir geli\u015fme ya\u015fand\u0131. Siyah beyazl\u0131 kul\u00fcb\u00fcn ba\u015fkan\u0131 Erhan \u00d6zl\u00fcer, g\u00f6revini devretme karar\u0131 ald\u0131\u011f\u0131n\u0131 a\u00e7\u0131klayarak, &#8220;Kul\u00fcb\u00fc devredece\u011fiz, yapacak olan buyursun gelsin&#8221; dedi.<\/p>\n<p>G\u00f6revi b\u0131rakma karar\u0131n\u0131 daha \u00f6nce de dile getirdi\u011fini belirten Ba\u015fkan Erhan \u00d6zl\u00fcer; &#8220;Ayd\u0131nspor i\u00e7in elimizden geleni yapt\u0131k. Ancak bundan sonraki s\u00fcre\u00e7te g\u00f6revi devretmeyi d\u00fc\u015f\u00fcn\u00fcyoruz. Yapacak olan varsa buyursun gelsin. Kul\u00fcb\u00fc daha iyi noktalara ta\u015f\u0131yacak bir yap\u0131 olu\u015fursa memnuniyet duyar\u0131z&#8221; ifadelerini kulland\u0131.<\/p>\n<p>Tesis ve altyap\u0131 gibi temel imkanlardan yoksun olan Ayd\u0131nspor\u2019un gelece\u011fi, yeni bir y\u00f6netim olu\u015fana kadar belirsizli\u011fini s\u00fcrd\u00fcrecek. Taraftarlar, kul\u00fcb\u00fcn yeni sezona g\u00fc\u00e7l\u00fc ve kararl\u0131 bir y\u00f6netimle girmesini umut ediyor. Siyah beyazl\u0131lar\u0131 S\u00fcper Amat\u00f6r Lig\u2019de \u015fampiyon yaparak BAL\u2019a \u00e7\u0131karan Ba\u015fkan \u00d6zl\u00fcer\u2019in g\u00f6revden \u00e7ekilme karar\u0131 sonras\u0131 Ayd\u0131nspor\u2019da yeni ba\u015fkan aray\u0131\u015f\u0131 ba\u015flad\u0131. B\u00f6lgesel Amat\u00f6r Lig\u2019in zorlu rekabeti \u00f6ncesi kul\u00fcb\u00fcn yeniden yap\u0131lanmas\u0131 gerekti\u011fi vurgulan\u0131rken, y\u00f6netim bo\u015flu\u011funun k\u0131sa s\u00fcrede doldurulmas\u0131 bekleniyor.<br \/><\/p>\n","protected":false},"excerpt":{"rendered":"<p>Yeni sezonda B\u00f6lgesel Amat\u00f6r Lig\u2019de (BAL) m\u00fccadele etmeye haz\u0131rlanan Ayd\u0131nspor\u2019da s\u00fcrpriz bir geli\u015fme ya\u015fand\u0131. Siyah beyazl\u0131 kul\u00fcb\u00fcn ba\u015fkan\u0131 Erhan \u00d6zl\u00fcer, g\u00f6revini devretme karar\u0131 ald\u0131\u011f\u0131n\u0131 a\u00e7\u0131klayarak, &#8220;Kul\u00fcb\u00fc devredece\u011fiz, yapacak olan buyursun gelsin&#8221; dedi. G\u00f6revi b\u0131rakma karar\u0131n\u0131 daha \u00f6nce de dile getirdi\u011fini belirten Ba\u015fkan Erhan \u00d6zl\u00fcer; &#8220;Ayd\u0131nspor i\u00e7in elimizden geleni yapt\u0131k. Ancak bundan sonraki s\u00fcre\u00e7te g\u00f6revi devretmeyi&#8230;<\/p>\n","protected":false},"author":1,"featured_media":26970,"comment_status":"open","ping_status":"open","sticky":false,"template":"","format":"standard","meta":{"_crdt_document":"","footnotes":""},"categories":[4],"tags":[],"class_list":["post-26969","post","type-post","status-publish","format-standard","has-post-thumbnail","hentry","category-spor"],"_links":{"self":[{"href":"https:\/\/www.egemtv.com\/index.php?rest_route=\/wp\/v2\/posts\/26969","targetHints":{"allow":["GET"]}}],"collection":[{"href":"https:\/\/www.egemtv.com\/index.php?rest_route=\/wp\/v2\/posts"}],"about":[{"href":"https:\/\/www.egemtv.com\/index.php?rest_route=\/wp\/v2\/types\/post"}],"author":[{"embeddable":true,"href":"https:\/\/www.egemtv.com\/index.php?rest_route=\/wp\/v2\/users\/1"}],"replies":[{"embeddable":true,"href":"https:\/\/www.egemtv.com\/index.php?rest_route=%2Fwp%2Fv2%2Fcomments&post=26969"}],"version-history":[{"count":1,"href":"https:\/\/www.egemtv.com\/index.php?rest_route=\/wp\/v2\/posts\/26969\/revisions"}],"predecessor-version":[{"id":26971,"href":"https:\/\/www.egemtv.com\/index.php?rest_route=\/wp\/v2\/posts\/26969\/revisions\/26971"}],"wp:featuredmedia":[{"embeddable":true,"href":"https:\/\/www.egemtv.com\/index.php?rest_route=\/wp\/v2\/media\/26970"}],"wp:attachment":[{"href":"https:\/\/www.egemtv.com\/index.php?rest_route=%2Fwp%2Fv2%2Fmedia&parent=26969"}],"wp:term":[{"taxonomy":"category","embeddable":true,"href":"https:\/\/www.egemtv.com\/index.php?rest_route=%2Fwp%2Fv2%2Fcategories&post=26969"},{"taxonomy":"post_tag","embeddable":true,"href":"https:\/\/www.egemtv.com\/index.php?rest_route=%2Fwp%2Fv2%2Ftags&post=26969"}],"curies":[{"name":"wp","href":"https:\/\/api.w.org\/{rel}","templated":true}]}}