{"id":26966,"date":"2025-05-07T16:16:39","date_gmt":"2025-05-07T13:16:39","guid":{"rendered":"https:\/\/www.egemtv.com\/?p=26966"},"modified":"2025-05-07T16:16:45","modified_gmt":"2025-05-07T13:16:45","slug":"ispartada-temiz-uretim-ve-yesil-donusum-firsatlari","status":"publish","type":"post","link":"https:\/\/www.egemtv.com\/?p=26966","title":{"rendered":"Isparta\u2019da Temiz \u00dcretim ve Ye\u015fil D\u00f6n\u00fc\u015f\u00fcm f\u0131rsatlar\u0131"},"content":{"rendered":"<p>Marmara Ara\u015ft\u0131rma Merkezi (T\u00dcB\u0130TAK MAM), Isparta Ticaret ve Sanayi Odas\u0131 (ITSO)  ve Bat\u0131 Akdeniz Kalk\u0131nma Ajans\u0131 (BAKA) i\u015f birli\u011fiyle d\u00fczenlenen seminerde sekt\u00f6rlere y\u00f6nelik ye\u015fil d\u00f6n\u00fc\u015f\u00fcm f\u0131rsatlar\u0131 ele al\u0131nd\u0131.<br \/>\n<br \/>Isparta Ticaret ve Sanayi Odas\u0131 (ITSO) Meclis Salonu, 7 May\u0131s \u00c7ar\u015famba g\u00fcn\u00fc \u00f6nemli bir etkinli\u011fe ev sahipli\u011fi yapt\u0131. BAKA ve T\u00dcB\u0130TAK i\u015f birli\u011fiyle d\u00fczenlenen &#8220;Temiz \u00dcretim Bilgilendirme Semineri&#8221;, b\u00f6lgedeki sanayi temsilcileri, kamu kurumlar\u0131 ve akademisyenleri bir araya getirdi. Seminerin ana konu\u015fmac\u0131s\u0131 olan T\u00dcB\u0130TAK MAM D\u00f6ng\u00fcsel Ekonomi ve Kaynak Verimlili\u011fi Ara\u015ft\u0131rma Grubu Lideri Dr. Tuba Budak, temiz \u00fcretim ve d\u00f6ng\u00fcsel ekonomi konular\u0131nda kapsaml\u0131 bir sunum ger\u00e7ekle\u015ftirdi.<br \/>\n<br \/>Etkinli\u011fin a\u00e7\u0131l\u0131\u015f konu\u015fmas\u0131n\u0131 yapan BAKA Genel Sekreteri Volkan G\u00fcler, temiz \u00fcretim uygulamalar\u0131n\u0131n Isparta sanayisi i\u00e7in \u00f6nemli olaca\u011f\u0131n\u0131 vurgulad\u0131.<br \/>\n<br \/>G\u00fcler, &#8220;Biz ajans olarak s\u00fcrd\u00fcr\u00fclebilir \u00fcretim i\u00e7in elimizden gelen her \u015feyi yapmaya haz\u0131r\u0131z. Buna ili\u015fkin enstr\u00fcmanlar\u0131m\u0131z hem hali haz\u0131rda var hem de gelecekte de olacak. Bunlardan bir tanesi \u015fu anda elimizde teknik destek program\u0131m\u0131z var. Yak\u0131n bir s\u00fcre i\u00e7erisinde bir aksilik olmad\u0131\u011f\u0131 takdirde SoGreen isimli bir program\u0131m\u0131z olacak. SoGreen sosyal kapsay\u0131c\u0131 ye\u015fil d\u00f6n\u00fc\u015f\u00fcm i\u00e7eren faaliyetleri finansmana y\u00f6nelik bir program. \u00d6zellikle h\u0131zland\u0131r\u0131c\u0131, biraz daha yeni giri\u015fimci olmu\u015f olan i\u015fletmeler i\u00e7in bir destek program\u0131. Sanayi ve Teknoloji Bakanl\u0131\u011f\u0131\u2019m\u0131z\u0131n bir D\u00fcnya Bankas\u0131 kredisiyle sa\u011flam\u0131\u015f olaca\u011f\u0131 bir finansman olacak. O finansman\u0131 bizde yerelde in\u015fallah icra etmi\u015f olaca\u011f\u0131z.&#8221; ifadelerini kulland\u0131. G\u00fcler ayr\u0131ca, Avrupa Birli\u011fi\u2019nin y\u00fcr\u00fcrl\u00fc\u011fe koydu\u011fu S\u0131n\u0131rda Karbon D\u00fczenleme Mekanizmas\u0131 (CBAM) hakk\u0131nda da uyar\u0131larda bulundu; &#8220;2026 itibar\u0131yla bir\u00e7ok sekt\u00f6rde karbon sal\u0131m\u0131n\u0131 belgeleyemeyen firmalar i\u00e7in ciddi yapt\u0131r\u0131mlar devreye girecek. Bu, \u00fcretimimizin s\u00fcrd\u00fcr\u00fclebilirli\u011fi kadar d\u0131\u015f ticaretimiz a\u00e7\u0131s\u0131ndan da hayati bir konu&#8221; dedi.<br \/>\n<br \/>Sunumunda Antalya Organize Sanayi B\u00f6lgesi\u2019nde Bat\u0131 Akdeniz Kalk\u0131nma Ajans\u0131 ile y\u00fcr\u00fct\u00fclen ba\u015far\u0131l\u0131 saha uygulamalar\u0131na yer veren Dr. Tuba Budak ise, \u00f6zellikle g\u0131da, tekstil ve plastik sekt\u00f6rlerinde d\u00fc\u015f\u00fck maliyetle ger\u00e7ekle\u015ftirilebilecek temiz \u00fcretim \u00e7\u00f6z\u00fcmlerini payla\u015ft\u0131. Isparta\u2019n\u0131n sekt\u00f6r yap\u0131s\u0131na uygun \u00f6neriler sunan Budak, &#8220;K\u00fc\u00e7\u00fck ve orta \u00f6l\u00e7ekli i\u015fletmeler de temiz \u00fcretime ge\u00e7ebilir; bu sadece b\u00fcy\u00fck sanayi kurulu\u015flar\u0131n\u0131n meselesi de\u011fil&#8221; dedi.<br \/>\n<br \/>Seminerde ayr\u0131ca BAKA Uzman\u0131 Dr. Osman A\u011fral\u0131 taraf\u0131ndan Teknik Destek Programlar\u0131, SoGreen Finansman Mekanizmas\u0131 ve proje ba\u015fvurular\u0131nda dikkat edilmesi gereken \u00e7evresel kriterler hakk\u0131nda detayl\u0131 bilgiler verildi. Son y\u0131llarda s\u00fcrd\u00fcr\u00fclebilirlik temelli projelere \u00f6ncelikler verildi\u011fini belirterek, kat\u0131l\u0131mc\u0131lar\u0131 bu s\u00fcre\u00e7lere aktif \u015fekilde d\u00e2hil olmaya davet etti.<br \/>\n<br \/>Kat\u0131l\u0131mc\u0131lar seminerin ard\u0131ndan, temiz \u00fcretim konusunda edindikleri bilgileri sekt\u00f6rlerine nas\u0131l adapte edebileceklerine dair birebir g\u00f6r\u00fc\u015fme f\u0131rsat\u0131 da buldu. Etkinli\u011fe kat\u0131lan sanayiciler, b\u00f6yle bir bilgilendirme toplant\u0131s\u0131n\u0131n uzun s\u00fcredir ihtiya\u00e7 duyulan bir bo\u015flu\u011fu doldurdu\u011funu ifade etti.<br \/>\n<br \/>Isparta\u2019n\u0131n \u00f6n\u00fcm\u00fczdeki y\u0131llarda ye\u015fil d\u00f6n\u00fc\u015f\u00fcm s\u00fcrecinde daha aktif bir rol oynamas\u0131 beklenirken, bu t\u00fcr fark\u0131ndal\u0131k etkinliklerinin de art\u0131r\u0131lmas\u0131 planlan\u0131yor.<br \/><\/p>\n","protected":false},"excerpt":{"rendered":"<p>Marmara Ara\u015ft\u0131rma Merkezi (T\u00dcB\u0130TAK MAM), Isparta Ticaret ve Sanayi Odas\u0131 (ITSO) ve Bat\u0131 Akdeniz Kalk\u0131nma Ajans\u0131 (BAKA) i\u015f birli\u011fiyle d\u00fczenlenen seminerde sekt\u00f6rlere y\u00f6nelik ye\u015fil d\u00f6n\u00fc\u015f\u00fcm f\u0131rsatlar\u0131 ele al\u0131nd\u0131. Isparta Ticaret ve Sanayi Odas\u0131 (ITSO) Meclis Salonu, 7 May\u0131s \u00c7ar\u015famba g\u00fcn\u00fc \u00f6nemli bir etkinli\u011fe ev sahipli\u011fi yapt\u0131. BAKA ve T\u00dcB\u0130TAK i\u015f birli\u011fiyle d\u00fczenlenen &#8220;Temiz \u00dcretim Bilgilendirme&#8230;<\/p>\n","protected":false},"author":1,"featured_media":26967,"comment_status":"open","ping_status":"open","sticky":false,"template":"","format":"standard","meta":{"_crdt_document":"","footnotes":""},"categories":[1],"tags":[],"class_list":["post-26966","post","type-post","status-publish","format-standard","has-post-thumbnail","hentry","category-guncel"],"_links":{"self":[{"href":"https:\/\/www.egemtv.com\/index.php?rest_route=\/wp\/v2\/posts\/26966","targetHints":{"allow":["GET"]}}],"collection":[{"href":"https:\/\/www.egemtv.com\/index.php?rest_route=\/wp\/v2\/posts"}],"about":[{"href":"https:\/\/www.egemtv.com\/index.php?rest_route=\/wp\/v2\/types\/post"}],"author":[{"embeddable":true,"href":"https:\/\/www.egemtv.com\/index.php?rest_route=\/wp\/v2\/users\/1"}],"replies":[{"embeddable":true,"href":"https:\/\/www.egemtv.com\/index.php?rest_route=%2Fwp%2Fv2%2Fcomments&post=26966"}],"version-history":[{"count":1,"href":"https:\/\/www.egemtv.com\/index.php?rest_route=\/wp\/v2\/posts\/26966\/revisions"}],"predecessor-version":[{"id":26968,"href":"https:\/\/www.egemtv.com\/index.php?rest_route=\/wp\/v2\/posts\/26966\/revisions\/26968"}],"wp:featuredmedia":[{"embeddable":true,"href":"https:\/\/www.egemtv.com\/index.php?rest_route=\/wp\/v2\/media\/26967"}],"wp:attachment":[{"href":"https:\/\/www.egemtv.com\/index.php?rest_route=%2Fwp%2Fv2%2Fmedia&parent=26966"}],"wp:term":[{"taxonomy":"category","embeddable":true,"href":"https:\/\/www.egemtv.com\/index.php?rest_route=%2Fwp%2Fv2%2Fcategories&post=26966"},{"taxonomy":"post_tag","embeddable":true,"href":"https:\/\/www.egemtv.com\/index.php?rest_route=%2Fwp%2Fv2%2Ftags&post=26966"}],"curies":[{"name":"wp","href":"https:\/\/api.w.org\/{rel}","templated":true}]}}