{"id":26963,"date":"2025-05-07T15:57:15","date_gmt":"2025-05-07T12:57:15","guid":{"rendered":"https:\/\/www.egemtv.com\/?p=26963"},"modified":"2025-05-07T15:57:19","modified_gmt":"2025-05-07T12:57:19","slug":"kutahyali-semra-tozaraydin-kizilayin-yeni-yonetiminde","status":"publish","type":"post","link":"https:\/\/www.egemtv.com\/?p=26963","title":{"rendered":"K\u00fctahyal\u0131 Semra Tozarayd\u0131n K\u0131z\u0131lay\u2019\u0131n yeni y\u00f6netiminde"},"content":{"rendered":"<p>T\u00fcrk K\u0131z\u0131lay\u2019\u0131n 105. Genel Kurulu, Ankara\u2019da yo\u011fun kat\u0131l\u0131mla ger\u00e7ekle\u015ftirildi. Cumhurba\u015fkan\u0131 Recep Tayyip Erdo\u011fan\u2019\u0131n da kat\u0131ld\u0131\u011f\u0131 genel kurulda mevcut Ba\u015fkan Fatma Meri\u00e7 Y\u0131lmaz, yeniden se\u00e7ilerek g\u00fcven tazeledi.<br \/>\n<br \/>Genel Ba\u015fkan Y\u0131lmaz\u2019\u0131n listesinde K\u00fctahyal\u0131 s\u00fcrekli sar\u0131 bas\u0131n kart\u0131 sahibi gazeteci Semra Tozarayd\u0131n da yer ald\u0131.<br \/>\n<br \/>Yeni y\u00f6netim kurulunda \u015fu isimler bulunuyor: Esra \u00d6zko\u00e7, Semra Tozarayd\u0131n, Z\u00fcbeyde \u00c7elik, Emre Ko\u00e7, Yusuf Ramazan Sayg\u0131l\u0131, \u015e\u00fckr\u00fc Can, \u00d6mer Faruk \u00c7al\u0131\u015fkan, Kamil Karadeniz, Yener Tan\u0131k ve Mustafa Sar\u0131lar.<br \/>\n<br \/>Tozarayd\u0131n, K\u0131z\u0131lay\u2019\u0131n yeni y\u00f6netiminde g\u00f6rev almas\u0131n\u0131n gurur verici oldu\u011funu ifade etti.<br \/><\/p>\n","protected":false},"excerpt":{"rendered":"<p>T\u00fcrk K\u0131z\u0131lay\u2019\u0131n 105. Genel Kurulu, Ankara\u2019da yo\u011fun kat\u0131l\u0131mla ger\u00e7ekle\u015ftirildi. Cumhurba\u015fkan\u0131 Recep Tayyip Erdo\u011fan\u2019\u0131n da kat\u0131ld\u0131\u011f\u0131 genel kurulda mevcut Ba\u015fkan Fatma Meri\u00e7 Y\u0131lmaz, yeniden se\u00e7ilerek g\u00fcven tazeledi. Genel Ba\u015fkan Y\u0131lmaz\u2019\u0131n listesinde K\u00fctahyal\u0131 s\u00fcrekli sar\u0131 bas\u0131n kart\u0131 sahibi gazeteci Semra Tozarayd\u0131n da yer ald\u0131. Yeni y\u00f6netim kurulunda \u015fu isimler bulunuyor: Esra \u00d6zko\u00e7, Semra Tozarayd\u0131n, Z\u00fcbeyde \u00c7elik, Emre&#8230;<\/p>\n","protected":false},"author":1,"featured_media":26964,"comment_status":"open","ping_status":"open","sticky":false,"template":"","format":"standard","meta":{"_crdt_document":"","footnotes":""},"categories":[123],"tags":[],"class_list":["post-26963","post","type-post","status-publish","format-standard","has-post-thumbnail","hentry","category-gundem"],"_links":{"self":[{"href":"https:\/\/www.egemtv.com\/index.php?rest_route=\/wp\/v2\/posts\/26963","targetHints":{"allow":["GET"]}}],"collection":[{"href":"https:\/\/www.egemtv.com\/index.php?rest_route=\/wp\/v2\/posts"}],"about":[{"href":"https:\/\/www.egemtv.com\/index.php?rest_route=\/wp\/v2\/types\/post"}],"author":[{"embeddable":true,"href":"https:\/\/www.egemtv.com\/index.php?rest_route=\/wp\/v2\/users\/1"}],"replies":[{"embeddable":true,"href":"https:\/\/www.egemtv.com\/index.php?rest_route=%2Fwp%2Fv2%2Fcomments&post=26963"}],"version-history":[{"count":1,"href":"https:\/\/www.egemtv.com\/index.php?rest_route=\/wp\/v2\/posts\/26963\/revisions"}],"predecessor-version":[{"id":26965,"href":"https:\/\/www.egemtv.com\/index.php?rest_route=\/wp\/v2\/posts\/26963\/revisions\/26965"}],"wp:featuredmedia":[{"embeddable":true,"href":"https:\/\/www.egemtv.com\/index.php?rest_route=\/wp\/v2\/media\/26964"}],"wp:attachment":[{"href":"https:\/\/www.egemtv.com\/index.php?rest_route=%2Fwp%2Fv2%2Fmedia&parent=26963"}],"wp:term":[{"taxonomy":"category","embeddable":true,"href":"https:\/\/www.egemtv.com\/index.php?rest_route=%2Fwp%2Fv2%2Fcategories&post=26963"},{"taxonomy":"post_tag","embeddable":true,"href":"https:\/\/www.egemtv.com\/index.php?rest_route=%2Fwp%2Fv2%2Ftags&post=26963"}],"curies":[{"name":"wp","href":"https:\/\/api.w.org\/{rel}","templated":true}]}}