{"id":26687,"date":"2025-03-27T12:08:55","date_gmt":"2025-03-27T09:08:55","guid":{"rendered":"https:\/\/www.egemtv.com\/?p=26687"},"modified":"2025-03-27T12:09:00","modified_gmt":"2025-03-27T09:09:00","slug":"pazarlarda-kiraz-ve-visne-ureticileri-monilya-hastaligina-karsi-bilgilendirildi","status":"publish","type":"post","link":"https:\/\/www.egemtv.com\/?p=26687","title":{"rendered":"Pazarlar\u2019da kiraz ve vi\u015fne \u00fcreticileri monilya hastal\u0131\u011f\u0131na kar\u015f\u0131 bilgilendirildi"},"content":{"rendered":"<p>Pazarlar \u0130l\u00e7e Tar\u0131m ve Orman M\u00fcd\u00fcrl\u00fc\u011f\u00fcnce il\u00e7ede yeti\u015ftiricili\u011fi yap\u0131lan kiraz ve vi\u015fne a\u011fa\u00e7lar\u0131nda g\u00f6r\u00fclen monilya hastal\u0131\u011f\u0131na kar\u015f\u0131 \u00fcreticilere bilgilendirme yap\u0131ld\u0131.<br \/>\n<br \/>\u0130l\u00e7e Tar\u0131m ve Orman M\u00fcd\u00fcrl\u00fc\u011f\u00fc teknik personeli taraf\u0131ndan verilen e\u011fitimlerde, monilya hastal\u0131\u011f\u0131n\u0131n yay\u0131lmas\u0131n\u0131 \u00f6nlemek i\u00e7in enfekte dallar\u0131n budanmas\u0131, bah\u00e7eden uzakla\u015ft\u0131r\u0131lmas\u0131 ve uygun ila\u00e7lama programlar\u0131n\u0131n uygulanmas\u0131 gerekti\u011fini vurguland\u0131. Ayr\u0131ca, yeni sezon \u00f6ncesinde do\u011fru bak\u0131m ve besleme y\u00f6ntemleri hakk\u0131nda \u00e7ift\u00e7ilere \u00f6neriler sunuldu.<br \/><\/p>\n","protected":false},"excerpt":{"rendered":"<p>Pazarlar \u0130l\u00e7e Tar\u0131m ve Orman M\u00fcd\u00fcrl\u00fc\u011f\u00fcnce il\u00e7ede yeti\u015ftiricili\u011fi yap\u0131lan kiraz ve vi\u015fne a\u011fa\u00e7lar\u0131nda g\u00f6r\u00fclen monilya hastal\u0131\u011f\u0131na kar\u015f\u0131 \u00fcreticilere bilgilendirme yap\u0131ld\u0131. \u0130l\u00e7e Tar\u0131m ve Orman M\u00fcd\u00fcrl\u00fc\u011f\u00fc teknik personeli taraf\u0131ndan verilen e\u011fitimlerde, monilya hastal\u0131\u011f\u0131n\u0131n yay\u0131lmas\u0131n\u0131 \u00f6nlemek i\u00e7in enfekte dallar\u0131n budanmas\u0131, bah\u00e7eden uzakla\u015ft\u0131r\u0131lmas\u0131 ve uygun ila\u00e7lama programlar\u0131n\u0131n uygulanmas\u0131 gerekti\u011fini vurguland\u0131. Ayr\u0131ca, yeni sezon \u00f6ncesinde do\u011fru bak\u0131m ve besleme&#8230;<\/p>\n","protected":false},"author":1,"featured_media":26688,"comment_status":"open","ping_status":"open","sticky":false,"template":"","format":"standard","meta":{"_crdt_document":"","footnotes":""},"categories":[125],"tags":[],"class_list":["post-26687","post","type-post","status-publish","format-standard","has-post-thumbnail","hentry","category-ekonomi"],"_links":{"self":[{"href":"https:\/\/www.egemtv.com\/index.php?rest_route=\/wp\/v2\/posts\/26687","targetHints":{"allow":["GET"]}}],"collection":[{"href":"https:\/\/www.egemtv.com\/index.php?rest_route=\/wp\/v2\/posts"}],"about":[{"href":"https:\/\/www.egemtv.com\/index.php?rest_route=\/wp\/v2\/types\/post"}],"author":[{"embeddable":true,"href":"https:\/\/www.egemtv.com\/index.php?rest_route=\/wp\/v2\/users\/1"}],"replies":[{"embeddable":true,"href":"https:\/\/www.egemtv.com\/index.php?rest_route=%2Fwp%2Fv2%2Fcomments&post=26687"}],"version-history":[{"count":1,"href":"https:\/\/www.egemtv.com\/index.php?rest_route=\/wp\/v2\/posts\/26687\/revisions"}],"predecessor-version":[{"id":26689,"href":"https:\/\/www.egemtv.com\/index.php?rest_route=\/wp\/v2\/posts\/26687\/revisions\/26689"}],"wp:featuredmedia":[{"embeddable":true,"href":"https:\/\/www.egemtv.com\/index.php?rest_route=\/wp\/v2\/media\/26688"}],"wp:attachment":[{"href":"https:\/\/www.egemtv.com\/index.php?rest_route=%2Fwp%2Fv2%2Fmedia&parent=26687"}],"wp:term":[{"taxonomy":"category","embeddable":true,"href":"https:\/\/www.egemtv.com\/index.php?rest_route=%2Fwp%2Fv2%2Fcategories&post=26687"},{"taxonomy":"post_tag","embeddable":true,"href":"https:\/\/www.egemtv.com\/index.php?rest_route=%2Fwp%2Fv2%2Ftags&post=26687"}],"curies":[{"name":"wp","href":"https:\/\/api.w.org\/{rel}","templated":true}]}}