{"id":26684,"date":"2025-03-27T12:08:51","date_gmt":"2025-03-27T09:08:51","guid":{"rendered":"https:\/\/www.egemtv.com\/?p=26684"},"modified":"2025-03-27T12:08:55","modified_gmt":"2025-03-27T09:08:55","slug":"kutahya-huzurevinde-ozel-program","status":"publish","type":"post","link":"https:\/\/www.egemtv.com\/?p=26684","title":{"rendered":"K\u00fctahya Huzurevi\u2019nde \u00f6zel program"},"content":{"rendered":"<p>K\u00fctahya \u0130l M\u00fcft\u00fcl\u00fc\u011f\u00fc, Kadir Gecesi dolay\u0131s\u0131yla K\u00fctahya Huzurevi Ya\u015fl\u0131 Bak\u0131m ve Rehabilitasyon Merkezi\u2019nde \u00f6zel bir kandil program\u0131 d\u00fczenledi.<br \/>\n<br \/>Programa \u0130l M\u00fcft\u00fcl\u00fc\u011f\u00fc Din Hizmetleri \u015eube M\u00fcd\u00fcr\u00fc Cemalettin Torun, D\u00f6nenler Camii g\u00f6revlileri Furkan N. Vuran ve Harun Ataseven ile Huzurevi Camii \u0130mam Hatibi \u0130smail \u00c7etin kat\u0131ld\u0131. Huzurevinde kalan ya\u015fl\u0131lar i\u00e7in d\u00fczenlenen programda Kur\u2019an-\u0131 Kerim tilaveti, Mevlid-i \u015eerif ve ilahiler okundu.<br \/>\n<br \/>Program, Din Hizmetleri \u015eube M\u00fcd\u00fcr\u00fc Cemalettin Torun\u2019un &#8220;Kadir Gecesi ve Fazileti&#8221; konulu sohbetiyle devam etti. Gecenin manevi atmosferini payla\u015fan kat\u0131l\u0131mc\u0131lar, program\u0131n sonunda yap\u0131lan dua ile kandilin bereketini ya\u015fad\u0131.<br \/>\n<br \/>K\u00fctahya \u0130l M\u00fcft\u00fcl\u00fc\u011f\u00fc yetkilileri, b\u00f6ylesine \u00f6zel g\u00fcnlerde toplumun her kesimiyle bir araya gelmeye devam edeceklerini belirttiler.<br \/><\/p>\n","protected":false},"excerpt":{"rendered":"<p>K\u00fctahya \u0130l M\u00fcft\u00fcl\u00fc\u011f\u00fc, Kadir Gecesi dolay\u0131s\u0131yla K\u00fctahya Huzurevi Ya\u015fl\u0131 Bak\u0131m ve Rehabilitasyon Merkezi\u2019nde \u00f6zel bir kandil program\u0131 d\u00fczenledi. Programa \u0130l M\u00fcft\u00fcl\u00fc\u011f\u00fc Din Hizmetleri \u015eube M\u00fcd\u00fcr\u00fc Cemalettin Torun, D\u00f6nenler Camii g\u00f6revlileri Furkan N. Vuran ve Harun Ataseven ile Huzurevi Camii \u0130mam Hatibi \u0130smail \u00c7etin kat\u0131ld\u0131. Huzurevinde kalan ya\u015fl\u0131lar i\u00e7in d\u00fczenlenen programda Kur\u2019an-\u0131 Kerim tilaveti, Mevlid-i \u015eerif&#8230;<\/p>\n","protected":false},"author":1,"featured_media":26685,"comment_status":"open","ping_status":"open","sticky":false,"template":"","format":"standard","meta":{"_crdt_document":"","footnotes":""},"categories":[123],"tags":[],"class_list":["post-26684","post","type-post","status-publish","format-standard","has-post-thumbnail","hentry","category-gundem"],"_links":{"self":[{"href":"https:\/\/www.egemtv.com\/index.php?rest_route=\/wp\/v2\/posts\/26684","targetHints":{"allow":["GET"]}}],"collection":[{"href":"https:\/\/www.egemtv.com\/index.php?rest_route=\/wp\/v2\/posts"}],"about":[{"href":"https:\/\/www.egemtv.com\/index.php?rest_route=\/wp\/v2\/types\/post"}],"author":[{"embeddable":true,"href":"https:\/\/www.egemtv.com\/index.php?rest_route=\/wp\/v2\/users\/1"}],"replies":[{"embeddable":true,"href":"https:\/\/www.egemtv.com\/index.php?rest_route=%2Fwp%2Fv2%2Fcomments&post=26684"}],"version-history":[{"count":1,"href":"https:\/\/www.egemtv.com\/index.php?rest_route=\/wp\/v2\/posts\/26684\/revisions"}],"predecessor-version":[{"id":26686,"href":"https:\/\/www.egemtv.com\/index.php?rest_route=\/wp\/v2\/posts\/26684\/revisions\/26686"}],"wp:featuredmedia":[{"embeddable":true,"href":"https:\/\/www.egemtv.com\/index.php?rest_route=\/wp\/v2\/media\/26685"}],"wp:attachment":[{"href":"https:\/\/www.egemtv.com\/index.php?rest_route=%2Fwp%2Fv2%2Fmedia&parent=26684"}],"wp:term":[{"taxonomy":"category","embeddable":true,"href":"https:\/\/www.egemtv.com\/index.php?rest_route=%2Fwp%2Fv2%2Fcategories&post=26684"},{"taxonomy":"post_tag","embeddable":true,"href":"https:\/\/www.egemtv.com\/index.php?rest_route=%2Fwp%2Fv2%2Ftags&post=26684"}],"curies":[{"name":"wp","href":"https:\/\/api.w.org\/{rel}","templated":true}]}}