{"id":26671,"date":"2025-03-26T14:32:56","date_gmt":"2025-03-26T11:32:56","guid":{"rendered":"https:\/\/www.egemtv.com\/?p=26671"},"modified":"2025-03-26T14:33:01","modified_gmt":"2025-03-26T11:33:01","slug":"muhtar-akyildizdan-ornek-davranis","status":"publish","type":"post","link":"https:\/\/www.egemtv.com\/?p=26671","title":{"rendered":"Muhtar Aky\u0131ld\u0131z\u2019dan \u00f6rnek davran\u0131\u015f"},"content":{"rendered":"<p>Afyonkarahisar D\u00f6rtyol Mahallesi Muhtar\u0131 Mustafa Aky\u0131ld\u0131z\u2019\u0131n koordinesinde ihtiya\u00e7 sahibi mahalle sakinlerine sucuk ve k\u0131yma da\u011f\u0131t\u0131m\u0131 yap\u0131ld\u0131.<br \/>\n<br \/>Afyonkarahisar D\u00f6rtyol Mahallesi\u2019nde muhtarl\u0131k koordinesinde hay\u0131rseverlerin de deste\u011fiyle vatanda\u015flara sucuk ve k\u0131yma da\u011f\u0131t\u0131ld\u0131. Bayram \u00f6ncesi hanelere et \u00fcr\u00fcnleri girmesine vesile olan hay\u0131rseverler ve Muhtar Mustafa Aky\u0131ld\u0131z, takdir toplad\u0131. Muhtarl\u0131ktan yap\u0131lan a\u00e7\u0131klamada \u015fu ifadelere yer verildi:<br \/>\n<br \/>&#8220;Bug\u00fcn mahallemizin \u00fc\u00e7 farkl\u0131 b\u00f6lgesinde sucuk ve k\u0131yma da\u011f\u0131t\u0131m\u0131 ger\u00e7ekle\u015ftirdik. Hay\u0131rseverlerimizin deste\u011fiyle, birlik ve beraberli\u011fimizi peki\u015ftirirken payla\u015fma ruhumuzu da g\u00fc\u00e7lendiriyoruz. Mahallemizin her k\u00f6\u015fesine dokunarak dayan\u0131\u015fmam\u0131z\u0131 b\u00fcy\u00fct\u00fcyoruz. \u0130yili\u011fi \u00e7o\u011faltmaya, payla\u015fmaya ve birlikte daha g\u00fc\u00e7l\u00fc olmaya devam edece\u011fiz. Destek veren herkese g\u00f6n\u00fclden te\u015fekk\u00fcr ederiz&#8221; dedi.<br \/><\/p>\n","protected":false},"excerpt":{"rendered":"<p>Afyonkarahisar D\u00f6rtyol Mahallesi Muhtar\u0131 Mustafa Aky\u0131ld\u0131z\u2019\u0131n koordinesinde ihtiya\u00e7 sahibi mahalle sakinlerine sucuk ve k\u0131yma da\u011f\u0131t\u0131m\u0131 yap\u0131ld\u0131. Afyonkarahisar D\u00f6rtyol Mahallesi\u2019nde muhtarl\u0131k koordinesinde hay\u0131rseverlerin de deste\u011fiyle vatanda\u015flara sucuk ve k\u0131yma da\u011f\u0131t\u0131ld\u0131. Bayram \u00f6ncesi hanelere et \u00fcr\u00fcnleri girmesine vesile olan hay\u0131rseverler ve Muhtar Mustafa Aky\u0131ld\u0131z, takdir toplad\u0131. Muhtarl\u0131ktan yap\u0131lan a\u00e7\u0131klamada \u015fu ifadelere yer verildi: &#8220;Bug\u00fcn mahallemizin \u00fc\u00e7 farkl\u0131&#8230;<\/p>\n","protected":false},"author":1,"featured_media":26672,"comment_status":"open","ping_status":"open","sticky":false,"template":"","format":"standard","meta":{"_crdt_document":"","footnotes":""},"categories":[1],"tags":[],"class_list":["post-26671","post","type-post","status-publish","format-standard","has-post-thumbnail","hentry","category-guncel"],"_links":{"self":[{"href":"https:\/\/www.egemtv.com\/index.php?rest_route=\/wp\/v2\/posts\/26671","targetHints":{"allow":["GET"]}}],"collection":[{"href":"https:\/\/www.egemtv.com\/index.php?rest_route=\/wp\/v2\/posts"}],"about":[{"href":"https:\/\/www.egemtv.com\/index.php?rest_route=\/wp\/v2\/types\/post"}],"author":[{"embeddable":true,"href":"https:\/\/www.egemtv.com\/index.php?rest_route=\/wp\/v2\/users\/1"}],"replies":[{"embeddable":true,"href":"https:\/\/www.egemtv.com\/index.php?rest_route=%2Fwp%2Fv2%2Fcomments&post=26671"}],"version-history":[{"count":1,"href":"https:\/\/www.egemtv.com\/index.php?rest_route=\/wp\/v2\/posts\/26671\/revisions"}],"predecessor-version":[{"id":26673,"href":"https:\/\/www.egemtv.com\/index.php?rest_route=\/wp\/v2\/posts\/26671\/revisions\/26673"}],"wp:featuredmedia":[{"embeddable":true,"href":"https:\/\/www.egemtv.com\/index.php?rest_route=\/wp\/v2\/media\/26672"}],"wp:attachment":[{"href":"https:\/\/www.egemtv.com\/index.php?rest_route=%2Fwp%2Fv2%2Fmedia&parent=26671"}],"wp:term":[{"taxonomy":"category","embeddable":true,"href":"https:\/\/www.egemtv.com\/index.php?rest_route=%2Fwp%2Fv2%2Fcategories&post=26671"},{"taxonomy":"post_tag","embeddable":true,"href":"https:\/\/www.egemtv.com\/index.php?rest_route=%2Fwp%2Fv2%2Ftags&post=26671"}],"curies":[{"name":"wp","href":"https:\/\/api.w.org\/{rel}","templated":true}]}}