{"id":26668,"date":"2025-03-26T14:32:51","date_gmt":"2025-03-26T11:32:51","guid":{"rendered":"https:\/\/www.egemtv.com\/?p=26668"},"modified":"2025-03-26T14:32:56","modified_gmt":"2025-03-26T11:32:56","slug":"piyasa-degeri-1-milyon-liranin-uzerinde-taklit-parfum-ele-gecirildi","status":"publish","type":"post","link":"https:\/\/www.egemtv.com\/?p=26668","title":{"rendered":"Piyasa de\u011feri 1 milyon liran\u0131n \u00fczerinde taklit parf\u00fcm ele ge\u00e7irildi"},"content":{"rendered":"<p>Ayd\u0131n\u2019da jandarma ekipleri taraf\u0131ndan ger\u00e7ekle\u015ftirilen operasyon kapsam\u0131nda piyasa de\u011feri 1 milyon 150 bin TL olan \u00e7e\u015fitli markalara ait taklit parf\u00fcm ele ge\u00e7irildi.<\/p>\n<p>Edinilen bilgiye g\u00f6re, Ayd\u0131n \u0130l Jandarma Komutanl\u0131\u011f\u0131 KOM \u015eube M\u00fcd\u00fcrl\u00fc\u011f\u00fcnce y\u00fcr\u00fct\u00fclen \u00e7al\u0131\u015fmalar kapsam\u0131nda Germencik \u0130l\u00e7e Jandarma Komutanl\u0131\u011f\u0131 ve KOM \u015eube M\u00fcd\u00fcrl\u00fc\u011f\u00fc ile birlikte replika, taklit, ta\u011f\u015fi\u015f \u00fcr\u00fcnlere y\u00f6nelik operasyon d\u00fczenlendi. Germencik il\u00e7esinde d\u00fczenlenen operasyon kapsam\u0131nda; 458 paket \u00e7e\u015fitli markalarda taklit parf\u00fcm ele  ge\u00e7irildi. Ele ge\u00e7irilen \u00fcr\u00fcnlerin piyasa de\u011feri 1 milyon 150 bin TL oldu\u011fu \u00f6\u011frenilirken, 1 \u015f\u00fcpheli \u015fah\u0131s g\u00f6zalt\u0131na al\u0131nd\u0131.<\/p>\n<p>Konuyla ilgili soru\u015fturma s\u00fcr\u00fcyor.<br \/><\/p>\n","protected":false},"excerpt":{"rendered":"<p>Ayd\u0131n\u2019da jandarma ekipleri taraf\u0131ndan ger\u00e7ekle\u015ftirilen operasyon kapsam\u0131nda piyasa de\u011feri 1 milyon 150 bin TL olan \u00e7e\u015fitli markalara ait taklit parf\u00fcm ele ge\u00e7irildi. Edinilen bilgiye g\u00f6re, Ayd\u0131n \u0130l Jandarma Komutanl\u0131\u011f\u0131 KOM \u015eube M\u00fcd\u00fcrl\u00fc\u011f\u00fcnce y\u00fcr\u00fct\u00fclen \u00e7al\u0131\u015fmalar kapsam\u0131nda Germencik \u0130l\u00e7e Jandarma Komutanl\u0131\u011f\u0131 ve KOM \u015eube M\u00fcd\u00fcrl\u00fc\u011f\u00fc ile birlikte replika, taklit, ta\u011f\u015fi\u015f \u00fcr\u00fcnlere y\u00f6nelik operasyon d\u00fczenlendi. Germencik il\u00e7esinde d\u00fczenlenen&#8230;<\/p>\n","protected":false},"author":1,"featured_media":26669,"comment_status":"open","ping_status":"open","sticky":false,"template":"","format":"standard","meta":{"_crdt_document":"","footnotes":""},"categories":[5],"tags":[],"class_list":["post-26668","post","type-post","status-publish","format-standard","has-post-thumbnail","hentry","category-asayis"],"_links":{"self":[{"href":"https:\/\/www.egemtv.com\/index.php?rest_route=\/wp\/v2\/posts\/26668","targetHints":{"allow":["GET"]}}],"collection":[{"href":"https:\/\/www.egemtv.com\/index.php?rest_route=\/wp\/v2\/posts"}],"about":[{"href":"https:\/\/www.egemtv.com\/index.php?rest_route=\/wp\/v2\/types\/post"}],"author":[{"embeddable":true,"href":"https:\/\/www.egemtv.com\/index.php?rest_route=\/wp\/v2\/users\/1"}],"replies":[{"embeddable":true,"href":"https:\/\/www.egemtv.com\/index.php?rest_route=%2Fwp%2Fv2%2Fcomments&post=26668"}],"version-history":[{"count":1,"href":"https:\/\/www.egemtv.com\/index.php?rest_route=\/wp\/v2\/posts\/26668\/revisions"}],"predecessor-version":[{"id":26670,"href":"https:\/\/www.egemtv.com\/index.php?rest_route=\/wp\/v2\/posts\/26668\/revisions\/26670"}],"wp:featuredmedia":[{"embeddable":true,"href":"https:\/\/www.egemtv.com\/index.php?rest_route=\/wp\/v2\/media\/26669"}],"wp:attachment":[{"href":"https:\/\/www.egemtv.com\/index.php?rest_route=%2Fwp%2Fv2%2Fmedia&parent=26668"}],"wp:term":[{"taxonomy":"category","embeddable":true,"href":"https:\/\/www.egemtv.com\/index.php?rest_route=%2Fwp%2Fv2%2Fcategories&post=26668"},{"taxonomy":"post_tag","embeddable":true,"href":"https:\/\/www.egemtv.com\/index.php?rest_route=%2Fwp%2Fv2%2Ftags&post=26668"}],"curies":[{"name":"wp","href":"https:\/\/api.w.org\/{rel}","templated":true}]}}