{"id":26665,"date":"2025-03-26T14:03:38","date_gmt":"2025-03-26T11:03:38","guid":{"rendered":"https:\/\/www.egemtv.com\/?p=26665"},"modified":"2025-03-26T14:03:43","modified_gmt":"2025-03-26T11:03:43","slug":"jandarma-ogrencilerle-birlikte-fidanlari-toprakla-bulusturdu","status":"publish","type":"post","link":"https:\/\/www.egemtv.com\/?p=26665","title":{"rendered":"Jandarma \u00f6\u011frencilerle birlikte fidanlar\u0131 toprakla bulu\u015fturdu"},"content":{"rendered":"<p>Ayd\u0131n\u2019da jandarma ekipleri Ko\u00e7arl\u0131\u2019da \u00f6\u011frencilerle birlikte fidanlar\u0131 toprakla bulu\u015fturdu.<br \/>\n<br \/>Ayd\u0131n \u0130l Jandarma Komutanl\u0131\u011f\u0131 \u00c7evre, Do\u011fa ve Hayvanlar\u0131 Koruma Tim Komutanl\u0131\u011f\u0131nca ve Ko\u00e7arl\u0131 \u0130l\u00e7e Jandarma Komutanl\u0131\u011f\u0131 taraf\u0131ndan Akmescit \u0130lkokul \u00f6\u011frencilerine Orman Haftas\u0131 kapsam\u0131nda a\u011fa\u00e7 sevgisi a\u015f\u0131lamak ve fark\u0131ndal\u0131k olu\u015fturmak amac\u0131yla \u00f6\u011frencilerle Gelece\u011fe Nefes, \u0130nsanlara Nefes Ormanlar\u0131 mottosuyla erken ya\u015fta \u00e7evre bilinci, a\u011fa\u00e7 sevgisinin \u00f6nemi anlat\u0131ld\u0131. Yap\u0131lan bilgilendirmenin ard\u0131ndan, f\u0131st\u0131k \u00e7amlar\u0131 hep birlikte toprakla bulu\u015fturuldu.<br \/><\/p>\n","protected":false},"excerpt":{"rendered":"<p>Ayd\u0131n\u2019da jandarma ekipleri Ko\u00e7arl\u0131\u2019da \u00f6\u011frencilerle birlikte fidanlar\u0131 toprakla bulu\u015fturdu. Ayd\u0131n \u0130l Jandarma Komutanl\u0131\u011f\u0131 \u00c7evre, Do\u011fa ve Hayvanlar\u0131 Koruma Tim Komutanl\u0131\u011f\u0131nca ve Ko\u00e7arl\u0131 \u0130l\u00e7e Jandarma Komutanl\u0131\u011f\u0131 taraf\u0131ndan Akmescit \u0130lkokul \u00f6\u011frencilerine Orman Haftas\u0131 kapsam\u0131nda a\u011fa\u00e7 sevgisi a\u015f\u0131lamak ve fark\u0131ndal\u0131k olu\u015fturmak amac\u0131yla \u00f6\u011frencilerle Gelece\u011fe Nefes, \u0130nsanlara Nefes Ormanlar\u0131 mottosuyla erken ya\u015fta \u00e7evre bilinci, a\u011fa\u00e7 sevgisinin \u00f6nemi anlat\u0131ld\u0131. Yap\u0131lan&#8230;<\/p>\n","protected":false},"author":1,"featured_media":26666,"comment_status":"open","ping_status":"open","sticky":false,"template":"","format":"standard","meta":{"_crdt_document":"","footnotes":""},"categories":[1],"tags":[],"class_list":["post-26665","post","type-post","status-publish","format-standard","has-post-thumbnail","hentry","category-guncel"],"_links":{"self":[{"href":"https:\/\/www.egemtv.com\/index.php?rest_route=\/wp\/v2\/posts\/26665","targetHints":{"allow":["GET"]}}],"collection":[{"href":"https:\/\/www.egemtv.com\/index.php?rest_route=\/wp\/v2\/posts"}],"about":[{"href":"https:\/\/www.egemtv.com\/index.php?rest_route=\/wp\/v2\/types\/post"}],"author":[{"embeddable":true,"href":"https:\/\/www.egemtv.com\/index.php?rest_route=\/wp\/v2\/users\/1"}],"replies":[{"embeddable":true,"href":"https:\/\/www.egemtv.com\/index.php?rest_route=%2Fwp%2Fv2%2Fcomments&post=26665"}],"version-history":[{"count":1,"href":"https:\/\/www.egemtv.com\/index.php?rest_route=\/wp\/v2\/posts\/26665\/revisions"}],"predecessor-version":[{"id":26667,"href":"https:\/\/www.egemtv.com\/index.php?rest_route=\/wp\/v2\/posts\/26665\/revisions\/26667"}],"wp:featuredmedia":[{"embeddable":true,"href":"https:\/\/www.egemtv.com\/index.php?rest_route=\/wp\/v2\/media\/26666"}],"wp:attachment":[{"href":"https:\/\/www.egemtv.com\/index.php?rest_route=%2Fwp%2Fv2%2Fmedia&parent=26665"}],"wp:term":[{"taxonomy":"category","embeddable":true,"href":"https:\/\/www.egemtv.com\/index.php?rest_route=%2Fwp%2Fv2%2Fcategories&post=26665"},{"taxonomy":"post_tag","embeddable":true,"href":"https:\/\/www.egemtv.com\/index.php?rest_route=%2Fwp%2Fv2%2Ftags&post=26665"}],"curies":[{"name":"wp","href":"https:\/\/api.w.org\/{rel}","templated":true}]}}