{"id":26660,"date":"2025-03-26T13:24:45","date_gmt":"2025-03-26T10:24:45","guid":{"rendered":"https:\/\/www.egemtv.com\/?p=26660"},"modified":"2025-03-26T13:24:50","modified_gmt":"2025-03-26T10:24:50","slug":"baskan-eyup-kahveci-kutahya-belediyespor-sporculariyla-iftarda-bulustu","status":"publish","type":"post","link":"https:\/\/www.egemtv.com\/?p=26660","title":{"rendered":"Ba\u015fkan Ey\u00fcp Kahveci, K\u00fctahya Belediyespor sporcular\u0131yla iftarda bulu\u015ftu"},"content":{"rendered":"<p>K\u00fctahya Belediye Ba\u015fkan\u0131 Ey\u00fcp Kahveci, K\u00fctahya Belediyespor\u2019un amat\u00f6r bran\u015flar\u0131nda m\u00fccadele eden sporcular ve teknik heyetle iftar program\u0131nda bir araya geldi.<br \/>\n<br \/>\u0130ftar yeme\u011finde sporcularla samimi sohbetler ger\u00e7ekle\u015ftiren Ba\u015fkan Kahveci, antrenman s\u00fcre\u00e7leri, hedefleri ve beklentileri hakk\u0131nda bilgi ald\u0131. Sporculara hitaben konu\u015fan Kahveci, kul\u00fcp b\u00fcnyesinde 17 farkl\u0131 bran\u015fta m\u00fccadele eden gen\u00e7lerin K\u00fctahya\u2019n\u0131n spor gelece\u011fini in\u015fa etti\u011fini belirtti.<br \/>\n<br \/>Ba\u015fkan Kahveci, atletizmden boksa, judodan voleybola, satran\u00e7tan geleneksel ata sporlar\u0131na kadar bir\u00e7ok alanda faaliyet g\u00f6steren K\u00fctahya Belediyespor\u2019un, \u015fehrin spor alan\u0131ndaki en \u00f6nemli de\u011ferlerinden biri oldu\u011funu vurgulad\u0131.<br \/>\n<br \/>Dayan\u0131\u015fma ve karde\u015flik duygular\u0131n\u0131n \u00f6n planda oldu\u011fu iftar program\u0131nda Ba\u015fkan Kahveci, sporculara ba\u015far\u0131larla dolu bir sezon dileyerek program\u0131 hat\u0131ra foto\u011fraf\u0131 ile noktalad\u0131.<br \/><\/p>\n","protected":false},"excerpt":{"rendered":"<p>K\u00fctahya Belediye Ba\u015fkan\u0131 Ey\u00fcp Kahveci, K\u00fctahya Belediyespor\u2019un amat\u00f6r bran\u015flar\u0131nda m\u00fccadele eden sporcular ve teknik heyetle iftar program\u0131nda bir araya geldi. \u0130ftar yeme\u011finde sporcularla samimi sohbetler ger\u00e7ekle\u015ftiren Ba\u015fkan Kahveci, antrenman s\u00fcre\u00e7leri, hedefleri ve beklentileri hakk\u0131nda bilgi ald\u0131. Sporculara hitaben konu\u015fan Kahveci, kul\u00fcp b\u00fcnyesinde 17 farkl\u0131 bran\u015fta m\u00fccadele eden gen\u00e7lerin K\u00fctahya\u2019n\u0131n spor gelece\u011fini in\u015fa etti\u011fini belirtti. Ba\u015fkan&#8230;<\/p>\n","protected":false},"author":1,"featured_media":26661,"comment_status":"open","ping_status":"open","sticky":false,"template":"","format":"standard","meta":{"_crdt_document":"","footnotes":""},"categories":[4],"tags":[],"class_list":["post-26660","post","type-post","status-publish","format-standard","has-post-thumbnail","hentry","category-spor"],"_links":{"self":[{"href":"https:\/\/www.egemtv.com\/index.php?rest_route=\/wp\/v2\/posts\/26660","targetHints":{"allow":["GET"]}}],"collection":[{"href":"https:\/\/www.egemtv.com\/index.php?rest_route=\/wp\/v2\/posts"}],"about":[{"href":"https:\/\/www.egemtv.com\/index.php?rest_route=\/wp\/v2\/types\/post"}],"author":[{"embeddable":true,"href":"https:\/\/www.egemtv.com\/index.php?rest_route=\/wp\/v2\/users\/1"}],"replies":[{"embeddable":true,"href":"https:\/\/www.egemtv.com\/index.php?rest_route=%2Fwp%2Fv2%2Fcomments&post=26660"}],"version-history":[{"count":1,"href":"https:\/\/www.egemtv.com\/index.php?rest_route=\/wp\/v2\/posts\/26660\/revisions"}],"predecessor-version":[{"id":26662,"href":"https:\/\/www.egemtv.com\/index.php?rest_route=\/wp\/v2\/posts\/26660\/revisions\/26662"}],"wp:featuredmedia":[{"embeddable":true,"href":"https:\/\/www.egemtv.com\/index.php?rest_route=\/wp\/v2\/media\/26661"}],"wp:attachment":[{"href":"https:\/\/www.egemtv.com\/index.php?rest_route=%2Fwp%2Fv2%2Fmedia&parent=26660"}],"wp:term":[{"taxonomy":"category","embeddable":true,"href":"https:\/\/www.egemtv.com\/index.php?rest_route=%2Fwp%2Fv2%2Fcategories&post=26660"},{"taxonomy":"post_tag","embeddable":true,"href":"https:\/\/www.egemtv.com\/index.php?rest_route=%2Fwp%2Fv2%2Ftags&post=26660"}],"curies":[{"name":"wp","href":"https:\/\/api.w.org\/{rel}","templated":true}]}}