{"id":26657,"date":"2025-03-26T13:05:15","date_gmt":"2025-03-26T10:05:15","guid":{"rendered":"https:\/\/www.egemtv.com\/?p=26657"},"modified":"2025-03-26T13:05:22","modified_gmt":"2025-03-26T10:05:22","slug":"ciftcilere-uygulamasi-humas-uygulamasi","status":"publish","type":"post","link":"https:\/\/www.egemtv.com\/?p=26657","title":{"rendered":"\u00c7ift\u00e7ilere uygulamas\u0131 H\u00dcMAS uygulamas\u0131"},"content":{"rendered":"<p>Mu\u011fla\u2019n\u0131n Ortaca il\u00e7esinde, Tar\u0131m ve Orman Bakanl\u0131\u011f\u0131 E\u011fitim ve Yay\u0131n Dairesi Ba\u015fkanl\u0131\u011f\u0131 ile Enerji ve Tabii Kaynaklar Bakanl\u0131\u011f\u0131 T\u00fcrkiye K\u00f6m\u00fcr \u0130\u015fletmeleri Kurumu (TK\u0130) aras\u0131nda y\u00fcr\u00fct\u00fclen protokol kapsam\u0131nda \u2018TK\u0130-H\u00dcMAS \u00d6rnek Uygulamalar\u0131yla Organik Toprak D\u00fczenleyicisi Kullan\u0131m\u0131n\u0131n Yayg\u0131nla\u015ft\u0131r\u0131lmas\u0131 Projesi\u2019 \u00e7er\u00e7evesinde e\u011fitim ve uygulamalar ger\u00e7ekle\u015ftirildi.<br \/>\n<br \/>Mu\u011fla \u0130l Tar\u0131m ve Orman M\u00fcd\u00fcrl\u00fc\u011f\u00fc yetkilileri, \u00e7ift\u00e7iler, STK temsilcileri ve siyasi partilerin il\u00e7e temsilcileri kat\u0131ld\u0131\u011f\u0131 e\u011fitimde, H\u00fcmik Asit uygulamalar\u0131 konusunda \u00fcreticilere y\u00f6nelik sunum yap\u0131ld\u0131. Sunumu ger\u00e7ekle\u015ftiren Ziraat M\u00fchendisi Murat Meng\u00fclo\u011flu, h\u00fcmik asidin toprak sa\u011fl\u0131\u011f\u0131 \u00fczerindeki olumlu etkilerini ve do\u011fru kullan\u0131m\u0131n\u0131 anlatt\u0131. Projenin amac\u0131, k\u00f6m\u00fcr sahalar\u0131ndan elde edilen leonarditten \u00fcretilen H\u00fcmik asidin tar\u0131mda kullan\u0131m\u0131n\u0131 artt\u0131rmak. Kimyasal g\u00fcbre kullan\u0131m\u0131n azalt\u0131larak do\u011fan\u0131n dengesinin yeniden kazand\u0131r\u0131lmas\u0131, toprakta organik madde art\u0131\u015f\u0131 sa\u011flanarak s\u00fcrd\u00fcr\u00fclebilir bir tar\u0131m anlay\u0131\u015f\u0131n\u0131n yerle\u015ftirilmesi hedefleniyor.<br \/>\n<br \/>E\u011fitim program\u0131n\u0131n ard\u0131ndan, Derek\u00f6y Mahallesi\u2019ndeki narenciye bah\u00e7esinde uygulamal\u0131 e\u011fitim yap\u0131ld\u0131. Ortaca il\u00e7esindeki Gen\u00e7lik Konseyi \u00dcyesi \u00fcretici Ali Ayd\u0131n\u2019a ait narenciye bah\u00e7esinde ger\u00e7ekle\u015ftirilen h\u00fcmik asit uygulamas\u0131 kat\u0131l\u0131mc\u0131lara g\u00f6sterildi.<br \/>\n<br \/>Mu\u011fla \u0130l Tar\u0131m ve Orman M\u00fcd\u00fcrl\u00fc\u011f\u00fc Bitkisel \u00dcretim ve Bitki Sa\u011fl\u0131\u011f\u0131 \u015eube M\u00fcd\u00fcr\u00fc S\u00fcreyya Can, yapt\u0131\u011f\u0131 konu\u015fmada, \u00e7evre dostu tar\u0131m uygulamalar\u0131n\u0131 yayg\u0131nla\u015ft\u0131rmay\u0131 hedefleyen bu projenin, Mu\u011fla\u2019daki 6 il\u00e7ede 11 \u00f6nder \u00fcreticiye destek sundu\u011funu belirtti. Ayr\u0131ca, topra\u011f\u0131n analizi ile ilgili Mu\u011fla\u2019daki \u00fcreticilere \u00f6nemli bir f\u0131rsat sunuldu\u011funu vurgulad\u0131. Can, &#8220;Mu\u011fla\u2019da 100. Y\u0131l Toprak, Yaprak ve Sulama Suyu Analiz Laboratuvar\u0131 sayesinde, \u00fcreticilerimize yaln\u0131zca 175 TL katk\u0131 pay\u0131 ile toprak analizleri yap\u0131lmaktad\u0131r&#8221; dedi.<br \/>\n<br \/>E\u011fitim ve Yay\u0131n Dairesi Proje Y\u00fcr\u00fct\u00fcc\u00fcs\u00fc Murat Meng\u00fclo\u011flu ise, topra\u011f\u0131n korunmas\u0131 gerekti\u011fine dikkat \u00e7ekerek, &#8220;Bir santimetre topra\u011f\u0131n olu\u015fmas\u0131 bin y\u0131l s\u00fcrer. Bu nedenle, toprak kayb\u0131n\u0131 \u00f6nlemek ve \u00e7\u00f6lle\u015fmeye kar\u015f\u0131 m\u00fccadelede yenilik\u00e7i tar\u0131m uygulamalar\u0131 b\u00fcy\u00fck \u00f6nem ta\u015f\u0131maktad\u0131r&#8221; diye konu\u015ftu.<br \/>\n<br \/>Proje kapsam\u0131nda, Mu\u011fla genelinde yap\u0131lan h\u00fcmik asit uygulamalar\u0131 ile zeytin, portakal, \u00e7ilek ve domates gibi \u00fcr\u00fcnlerde topra\u011f\u0131n organik madde ihtiyac\u0131n\u0131n kar\u015f\u0131lanmas\u0131 ama\u00e7lan\u0131yor. 27 dekar alanda yap\u0131lan uygulamalarla, zeytin ve narenciye a\u011fa\u00e7lar\u0131n\u0131n sa\u011fl\u0131kl\u0131 b\u00fcy\u00fcmesine katk\u0131 sa\u011flanmas\u0131 hedefleniyor.<br \/><\/p>\n","protected":false},"excerpt":{"rendered":"<p>Mu\u011fla\u2019n\u0131n Ortaca il\u00e7esinde, Tar\u0131m ve Orman Bakanl\u0131\u011f\u0131 E\u011fitim ve Yay\u0131n Dairesi Ba\u015fkanl\u0131\u011f\u0131 ile Enerji ve Tabii Kaynaklar Bakanl\u0131\u011f\u0131 T\u00fcrkiye K\u00f6m\u00fcr \u0130\u015fletmeleri Kurumu (TK\u0130) aras\u0131nda y\u00fcr\u00fct\u00fclen protokol kapsam\u0131nda \u2018TK\u0130-H\u00dcMAS \u00d6rnek Uygulamalar\u0131yla Organik Toprak D\u00fczenleyicisi Kullan\u0131m\u0131n\u0131n Yayg\u0131nla\u015ft\u0131r\u0131lmas\u0131 Projesi\u2019 \u00e7er\u00e7evesinde e\u011fitim ve uygulamalar ger\u00e7ekle\u015ftirildi. Mu\u011fla \u0130l Tar\u0131m ve Orman M\u00fcd\u00fcrl\u00fc\u011f\u00fc yetkilileri, \u00e7ift\u00e7iler, STK temsilcileri ve siyasi partilerin il\u00e7e&#8230;<\/p>\n","protected":false},"author":1,"featured_media":26658,"comment_status":"open","ping_status":"open","sticky":false,"template":"","format":"standard","meta":{"_crdt_document":"","footnotes":""},"categories":[2],"tags":[],"class_list":["post-26657","post","type-post","status-publish","format-standard","has-post-thumbnail","hentry","category-saglik"],"_links":{"self":[{"href":"https:\/\/www.egemtv.com\/index.php?rest_route=\/wp\/v2\/posts\/26657","targetHints":{"allow":["GET"]}}],"collection":[{"href":"https:\/\/www.egemtv.com\/index.php?rest_route=\/wp\/v2\/posts"}],"about":[{"href":"https:\/\/www.egemtv.com\/index.php?rest_route=\/wp\/v2\/types\/post"}],"author":[{"embeddable":true,"href":"https:\/\/www.egemtv.com\/index.php?rest_route=\/wp\/v2\/users\/1"}],"replies":[{"embeddable":true,"href":"https:\/\/www.egemtv.com\/index.php?rest_route=%2Fwp%2Fv2%2Fcomments&post=26657"}],"version-history":[{"count":1,"href":"https:\/\/www.egemtv.com\/index.php?rest_route=\/wp\/v2\/posts\/26657\/revisions"}],"predecessor-version":[{"id":26659,"href":"https:\/\/www.egemtv.com\/index.php?rest_route=\/wp\/v2\/posts\/26657\/revisions\/26659"}],"wp:featuredmedia":[{"embeddable":true,"href":"https:\/\/www.egemtv.com\/index.php?rest_route=\/wp\/v2\/media\/26658"}],"wp:attachment":[{"href":"https:\/\/www.egemtv.com\/index.php?rest_route=%2Fwp%2Fv2%2Fmedia&parent=26657"}],"wp:term":[{"taxonomy":"category","embeddable":true,"href":"https:\/\/www.egemtv.com\/index.php?rest_route=%2Fwp%2Fv2%2Fcategories&post=26657"},{"taxonomy":"post_tag","embeddable":true,"href":"https:\/\/www.egemtv.com\/index.php?rest_route=%2Fwp%2Fv2%2Ftags&post=26657"}],"curies":[{"name":"wp","href":"https:\/\/api.w.org\/{rel}","templated":true}]}}