{"id":26654,"date":"2025-03-26T12:42:58","date_gmt":"2025-03-26T09:42:58","guid":{"rendered":"https:\/\/www.egemtv.com\/?p=26654"},"modified":"2025-03-26T12:43:00","modified_gmt":"2025-03-26T09:43:00","slug":"simavda-diyanet-izcilerinden-ihtiyac-sahiplerine-erzak-kolisi-ve-market-ceki","status":"publish","type":"post","link":"https:\/\/www.egemtv.com\/?p=26654","title":{"rendered":"Simav\u2019da Diyanet \u0130zcilerinden ihtiya\u00e7 sahiplerine erzak kolisi ve market \u00e7eki"},"content":{"rendered":"<p>Simav \u0130l\u00e7e M\u00fcft\u00fcl\u00fc\u011f\u00fc Diyanet \u0130zcilerinin Ramazan ay\u0131 boyunca ihtiya\u00e7 sahiplerine erzak kolisi ve market \u00e7eki ula\u015ft\u0131rd\u0131klar\u0131 bildirildi.<br \/>\n<br \/>Simav M\u00fcft\u00fcl\u00fc\u011f\u00fc Merkez Oduncuo\u011flu Camii \u0130mam Hatibi, Simav Diyanet Gen\u00e7 Ofis Manevi Dan\u0131\u015fman\u0131 ve Diyanet \u0130zci Lideri Oymakba\u015f\u0131 Cuma Ali Tosun ve Diyanet \u0130zcileri erdemli bir \u00e7al\u0131\u015fmaya imza att\u0131. \u0130zci Lideri ve izciler Ramazan ay\u0131 boyunca her ak\u015fam ihtiya\u00e7 sahiplerini evlerinde ziyaret ederek gerek \u0130l\u00e7e M\u00fcft\u00fcl\u00fc\u011f\u00fcnden, gerek yard\u0131mseverlerin katk\u0131lar\u0131yla olu\u015fturulan yard\u0131m kolileri ve market \u00e7eklerini ihtiya\u00e7 sahibi aileleri belirleyip onlara ula\u015ft\u0131rd\u0131klar\u0131n\u0131 s\u00f6yleyen Manevi Dan\u0131\u015fman ve \u0130zci Lideri Cuma Ali Tosun, &#8220;Hem M\u00fcsl\u00fcmanl\u0131\u011f\u0131n bir gere\u011fi hem de izci yeminimizde ki &#8220;Ba\u015fkalar\u0131na her zaman yard\u0131mda bulunaca\u011f\u0131ma&#8221; d\u00fcsturu ile her g\u00fcn bir kap\u0131y\u0131 \u00e7ald\u0131k. \u0130zcili\u011fin sadece da\u011fda kamp yapmak olmad\u0131\u011f\u0131n\u0131, \u00e7ocuklar\u0131m\u0131z\u0131n izcilik t\u00f6relerini benimseyerek, yaparak ve ya\u015fayarak metodu ile hayat\u0131m\u0131za y\u00f6n veriyoruz. Bu anlaml\u0131 \u00e7al\u0131\u015fma ile nasip olursa bayrama kadar her g\u00fcn bir g\u00f6n\u00fcle girmeye devam edece\u011fiz&#8221; dedi.<br \/><\/p>\n","protected":false},"excerpt":{"rendered":"<p>Simav \u0130l\u00e7e M\u00fcft\u00fcl\u00fc\u011f\u00fc Diyanet \u0130zcilerinin Ramazan ay\u0131 boyunca ihtiya\u00e7 sahiplerine erzak kolisi ve market \u00e7eki ula\u015ft\u0131rd\u0131klar\u0131 bildirildi. Simav M\u00fcft\u00fcl\u00fc\u011f\u00fc Merkez Oduncuo\u011flu Camii \u0130mam Hatibi, Simav Diyanet Gen\u00e7 Ofis Manevi Dan\u0131\u015fman\u0131 ve Diyanet \u0130zci Lideri Oymakba\u015f\u0131 Cuma Ali Tosun ve Diyanet \u0130zcileri erdemli bir \u00e7al\u0131\u015fmaya imza att\u0131. \u0130zci Lideri ve izciler Ramazan ay\u0131 boyunca her ak\u015fam&#8230;<\/p>\n","protected":false},"author":1,"featured_media":26655,"comment_status":"open","ping_status":"open","sticky":false,"template":"","format":"standard","meta":{"_crdt_document":"","footnotes":""},"categories":[123],"tags":[],"class_list":["post-26654","post","type-post","status-publish","format-standard","has-post-thumbnail","hentry","category-gundem"],"_links":{"self":[{"href":"https:\/\/www.egemtv.com\/index.php?rest_route=\/wp\/v2\/posts\/26654","targetHints":{"allow":["GET"]}}],"collection":[{"href":"https:\/\/www.egemtv.com\/index.php?rest_route=\/wp\/v2\/posts"}],"about":[{"href":"https:\/\/www.egemtv.com\/index.php?rest_route=\/wp\/v2\/types\/post"}],"author":[{"embeddable":true,"href":"https:\/\/www.egemtv.com\/index.php?rest_route=\/wp\/v2\/users\/1"}],"replies":[{"embeddable":true,"href":"https:\/\/www.egemtv.com\/index.php?rest_route=%2Fwp%2Fv2%2Fcomments&post=26654"}],"version-history":[{"count":1,"href":"https:\/\/www.egemtv.com\/index.php?rest_route=\/wp\/v2\/posts\/26654\/revisions"}],"predecessor-version":[{"id":26656,"href":"https:\/\/www.egemtv.com\/index.php?rest_route=\/wp\/v2\/posts\/26654\/revisions\/26656"}],"wp:featuredmedia":[{"embeddable":true,"href":"https:\/\/www.egemtv.com\/index.php?rest_route=\/wp\/v2\/media\/26655"}],"wp:attachment":[{"href":"https:\/\/www.egemtv.com\/index.php?rest_route=%2Fwp%2Fv2%2Fmedia&parent=26654"}],"wp:term":[{"taxonomy":"category","embeddable":true,"href":"https:\/\/www.egemtv.com\/index.php?rest_route=%2Fwp%2Fv2%2Fcategories&post=26654"},{"taxonomy":"post_tag","embeddable":true,"href":"https:\/\/www.egemtv.com\/index.php?rest_route=%2Fwp%2Fv2%2Ftags&post=26654"}],"curies":[{"name":"wp","href":"https:\/\/api.w.org\/{rel}","templated":true}]}}