{"id":26651,"date":"2025-03-26T12:42:56","date_gmt":"2025-03-26T09:42:56","guid":{"rendered":"https:\/\/www.egemtv.com\/?p=26651"},"modified":"2025-03-26T12:42:58","modified_gmt":"2025-03-26T09:42:58","slug":"emette-korkutan-yangin","status":"publish","type":"post","link":"https:\/\/www.egemtv.com\/?p=26651","title":{"rendered":"Emet\u2019te korkutan yang\u0131n"},"content":{"rendered":"<p>K\u00fctahya\u2019n\u0131n Emet il\u00e7esinde \u00e7\u0131kan yang\u0131nda tek katl\u0131 ev kullan\u0131lamaz hale geldi.<br \/>\n<br \/>Edinilen bilgiye g\u00f6re, il\u00e7eye ba\u011fl\u0131 \u0130\u011fdek\u00f6y\u2019de ak\u015fam saatlerinde Mustafa Akar\u2019a ait tek katl\u0131 evde hen\u00fcz belirlenemeyen bir nedenle yang\u0131n \u00e7\u0131kt\u0131. \u0130hbar \u00fczerine b\u00f6lgeye jandarma, sa\u011fl\u0131k ve itfaiye ekipleri sevk edildi. Yang\u0131n Emet ve Hisarc\u0131k Belediyesi itfaiye ekiplerinin m\u00fcdahalesiyle s\u00f6nd\u00fcr\u00fcld\u00fc. Yang\u0131nda tek katl\u0131 bina kullan\u0131lamaz hale geldi.<br \/>\n<br \/>Yang\u0131nla ilgili soru\u015fturma ba\u015flat\u0131ld\u0131.<br \/><\/p>\n","protected":false},"excerpt":{"rendered":"<p>K\u00fctahya\u2019n\u0131n Emet il\u00e7esinde \u00e7\u0131kan yang\u0131nda tek katl\u0131 ev kullan\u0131lamaz hale geldi. Edinilen bilgiye g\u00f6re, il\u00e7eye ba\u011fl\u0131 \u0130\u011fdek\u00f6y\u2019de ak\u015fam saatlerinde Mustafa Akar\u2019a ait tek katl\u0131 evde hen\u00fcz belirlenemeyen bir nedenle yang\u0131n \u00e7\u0131kt\u0131. \u0130hbar \u00fczerine b\u00f6lgeye jandarma, sa\u011fl\u0131k ve itfaiye ekipleri sevk edildi. Yang\u0131n Emet ve Hisarc\u0131k Belediyesi itfaiye ekiplerinin m\u00fcdahalesiyle s\u00f6nd\u00fcr\u00fcld\u00fc. Yang\u0131nda tek katl\u0131 bina kullan\u0131lamaz&#8230;<\/p>\n","protected":false},"author":1,"featured_media":26652,"comment_status":"open","ping_status":"open","sticky":false,"template":"","format":"standard","meta":{"_crdt_document":"","footnotes":""},"categories":[5],"tags":[],"class_list":["post-26651","post","type-post","status-publish","format-standard","has-post-thumbnail","hentry","category-asayis"],"_links":{"self":[{"href":"https:\/\/www.egemtv.com\/index.php?rest_route=\/wp\/v2\/posts\/26651","targetHints":{"allow":["GET"]}}],"collection":[{"href":"https:\/\/www.egemtv.com\/index.php?rest_route=\/wp\/v2\/posts"}],"about":[{"href":"https:\/\/www.egemtv.com\/index.php?rest_route=\/wp\/v2\/types\/post"}],"author":[{"embeddable":true,"href":"https:\/\/www.egemtv.com\/index.php?rest_route=\/wp\/v2\/users\/1"}],"replies":[{"embeddable":true,"href":"https:\/\/www.egemtv.com\/index.php?rest_route=%2Fwp%2Fv2%2Fcomments&post=26651"}],"version-history":[{"count":1,"href":"https:\/\/www.egemtv.com\/index.php?rest_route=\/wp\/v2\/posts\/26651\/revisions"}],"predecessor-version":[{"id":26653,"href":"https:\/\/www.egemtv.com\/index.php?rest_route=\/wp\/v2\/posts\/26651\/revisions\/26653"}],"wp:featuredmedia":[{"embeddable":true,"href":"https:\/\/www.egemtv.com\/index.php?rest_route=\/wp\/v2\/media\/26652"}],"wp:attachment":[{"href":"https:\/\/www.egemtv.com\/index.php?rest_route=%2Fwp%2Fv2%2Fmedia&parent=26651"}],"wp:term":[{"taxonomy":"category","embeddable":true,"href":"https:\/\/www.egemtv.com\/index.php?rest_route=%2Fwp%2Fv2%2Fcategories&post=26651"},{"taxonomy":"post_tag","embeddable":true,"href":"https:\/\/www.egemtv.com\/index.php?rest_route=%2Fwp%2Fv2%2Ftags&post=26651"}],"curies":[{"name":"wp","href":"https:\/\/api.w.org\/{rel}","templated":true}]}}