{"id":26645,"date":"2025-03-26T12:42:47","date_gmt":"2025-03-26T09:42:47","guid":{"rendered":"https:\/\/www.egemtv.com\/?p=26645"},"modified":"2025-03-26T12:42:51","modified_gmt":"2025-03-26T09:42:51","slug":"bozulan-ova-yollari-onariliyor","status":"publish","type":"post","link":"https:\/\/www.egemtv.com\/?p=26645","title":{"rendered":"Bozulan ova yollar\u0131 onar\u0131l\u0131yor"},"content":{"rendered":"<p>Yunusemre Belediyesi ekipleri, B\u00fcy\u00fcks\u00fcmb\u00fcller Mahallesi\u2019nde \u00fcreticilerin yo\u011fun olarak kulland\u0131\u011f\u0131 ova yollar\u0131nda bak\u0131m \u00e7al\u0131\u015fmas\u0131 yapt\u0131. \u00c7al\u0131\u015fmalar\u0131n ard\u0131ndan \u00fcreticiler, tarla ve ba\u011flar\u0131na rahat bir \u015fekilde ula\u015fmaya ba\u015flad\u0131.<br \/>\n<br \/>\u00c7ift\u00e7ilerin tarla ve ba\u011flar\u0131na ula\u015f\u0131m\u0131n\u0131 kolayla\u015ft\u0131rmay\u0131 ama\u00e7layan Yunusemre Belediyesi, ova yolu bak\u0131m-onar\u0131m \u00e7al\u0131\u015fmalar\u0131na devam ediyor. Fen \u0130\u015fleri M\u00fcd\u00fcrl\u00fc\u011f\u00fc ekipleri, B\u00fcy\u00fcks\u00fcmb\u00fcller Mahallesi\u2019nde \u00fcreticilerin talep etti\u011fi 2 kilometrelik ova yolu a\u00e7t\u0131. A\u00e7\u0131lan yol sayesinde \u00fcreticiler, tarla ve ba\u011flar\u0131na rahat bir \u015fekilde ula\u015fmaya ba\u015flad\u0131. \u00c7al\u0131\u015fmalara ili\u015fkin bilgi veren Yunusemre Belediye Ba\u015fkan\u0131 Semih Balaban, havalar\u0131n \u0131s\u0131nmas\u0131yla birlikte \u00e7al\u0131\u015fmalar\u0131n ihtiya\u00e7 duyulan noktalarda h\u0131z kazanaca\u011f\u0131n\u0131 belirtti.<br \/><\/p>\n","protected":false},"excerpt":{"rendered":"<p>Yunusemre Belediyesi ekipleri, B\u00fcy\u00fcks\u00fcmb\u00fcller Mahallesi\u2019nde \u00fcreticilerin yo\u011fun olarak kulland\u0131\u011f\u0131 ova yollar\u0131nda bak\u0131m \u00e7al\u0131\u015fmas\u0131 yapt\u0131. \u00c7al\u0131\u015fmalar\u0131n ard\u0131ndan \u00fcreticiler, tarla ve ba\u011flar\u0131na rahat bir \u015fekilde ula\u015fmaya ba\u015flad\u0131. \u00c7ift\u00e7ilerin tarla ve ba\u011flar\u0131na ula\u015f\u0131m\u0131n\u0131 kolayla\u015ft\u0131rmay\u0131 ama\u00e7layan Yunusemre Belediyesi, ova yolu bak\u0131m-onar\u0131m \u00e7al\u0131\u015fmalar\u0131na devam ediyor. Fen \u0130\u015fleri M\u00fcd\u00fcrl\u00fc\u011f\u00fc ekipleri, B\u00fcy\u00fcks\u00fcmb\u00fcller Mahallesi\u2019nde \u00fcreticilerin talep etti\u011fi 2 kilometrelik ova yolu a\u00e7t\u0131. A\u00e7\u0131lan&#8230;<\/p>\n","protected":false},"author":1,"featured_media":26646,"comment_status":"open","ping_status":"open","sticky":false,"template":"","format":"standard","meta":{"_crdt_document":"","footnotes":""},"categories":[125],"tags":[],"class_list":["post-26645","post","type-post","status-publish","format-standard","has-post-thumbnail","hentry","category-ekonomi"],"_links":{"self":[{"href":"https:\/\/www.egemtv.com\/index.php?rest_route=\/wp\/v2\/posts\/26645","targetHints":{"allow":["GET"]}}],"collection":[{"href":"https:\/\/www.egemtv.com\/index.php?rest_route=\/wp\/v2\/posts"}],"about":[{"href":"https:\/\/www.egemtv.com\/index.php?rest_route=\/wp\/v2\/types\/post"}],"author":[{"embeddable":true,"href":"https:\/\/www.egemtv.com\/index.php?rest_route=\/wp\/v2\/users\/1"}],"replies":[{"embeddable":true,"href":"https:\/\/www.egemtv.com\/index.php?rest_route=%2Fwp%2Fv2%2Fcomments&post=26645"}],"version-history":[{"count":1,"href":"https:\/\/www.egemtv.com\/index.php?rest_route=\/wp\/v2\/posts\/26645\/revisions"}],"predecessor-version":[{"id":26647,"href":"https:\/\/www.egemtv.com\/index.php?rest_route=\/wp\/v2\/posts\/26645\/revisions\/26647"}],"wp:featuredmedia":[{"embeddable":true,"href":"https:\/\/www.egemtv.com\/index.php?rest_route=\/wp\/v2\/media\/26646"}],"wp:attachment":[{"href":"https:\/\/www.egemtv.com\/index.php?rest_route=%2Fwp%2Fv2%2Fmedia&parent=26645"}],"wp:term":[{"taxonomy":"category","embeddable":true,"href":"https:\/\/www.egemtv.com\/index.php?rest_route=%2Fwp%2Fv2%2Fcategories&post=26645"},{"taxonomy":"post_tag","embeddable":true,"href":"https:\/\/www.egemtv.com\/index.php?rest_route=%2Fwp%2Fv2%2Ftags&post=26645"}],"curies":[{"name":"wp","href":"https:\/\/api.w.org\/{rel}","templated":true}]}}