{"id":26639,"date":"2025-03-26T12:03:55","date_gmt":"2025-03-26T09:03:55","guid":{"rendered":"https:\/\/www.egemtv.com\/?p=26639"},"modified":"2025-03-26T12:04:00","modified_gmt":"2025-03-26T09:04:00","slug":"aydin-ticaret-borsasi-heyeti-sanayi-ve-teknoloji-bakani-kacirla-gorustu","status":"publish","type":"post","link":"https:\/\/www.egemtv.com\/?p=26639","title":{"rendered":"Ayd\u0131n Ticaret Borsas\u0131 heyeti Sanayi ve Teknoloji Bakan\u0131 Kac\u0131r\u2019la g\u00f6r\u00fc\u015ft\u00fc"},"content":{"rendered":"<p>Ayd\u0131n Ticaret Borsas\u0131 Meclis Ba\u015fkan\u0131 A. Bahri Erdel ve Y\u00f6netim Kurulu Ba\u015fkan Yard\u0131mc\u0131s\u0131 Cengiz \u00dclgen, Ayd\u0131n Milletvekili Mustafa Sava\u015f ile birlikte Sanayi ve Teknoloji Bakan\u0131 Mehmet Fatih Kac\u0131r\u2019\u0131 makam\u0131nda ziyaret etti.<\/p>\n<p>Ger\u00e7ekle\u015ftirilen ziyarette, Ayd\u0131n Ticaret Borsas\u0131\u2019n\u0131n faaliyetleri ve y\u00fcr\u00fctt\u00fc\u011f\u00fc projeler hakk\u0131nda Bakan Kac\u0131r\u2019a kapsaml\u0131 bir bilgilendirme yap\u0131ld\u0131. B\u00f6lgenin ekonomik kalk\u0131nmas\u0131na y\u00f6nelik at\u0131labilecek ad\u0131mlar ele al\u0131n\u0131rken, tar\u0131ma dayal\u0131 sanayi yat\u0131r\u0131mlar\u0131 ve teknoloji destekli projeler \u00fczerine fikir al\u0131\u015fveri\u015finde bulunuldu. Ayr\u0131ca, sanayi ve tar\u0131m sekt\u00f6rlerinin ihtiya\u00e7lar\u0131 do\u011frultusunda geli\u015ftirilebilecek destek mekanizmalar\u0131 da g\u00fcndeme getirildi.<\/p>\n<p>Ayd\u0131n Ticaret Borsas\u0131 Meclis Ba\u015fkan\u0131 A. Bahri Erdel, g\u00f6r\u00fc\u015fmede Ayd\u0131n Ticaret Borsas\u0131 i\u015ftiraklerinden ATB Ayd\u0131n So\u011fuk Hava Depoculuk A.\u015e. ve b\u00fcnyesinde kurulan A Tipi Antrepo\u2019nun mevcut \u00e7al\u0131\u015fmalar\u0131 hakk\u0131nda detayl\u0131 bilgi vererek, bu yat\u0131r\u0131mlar\u0131n b\u00f6lgeye sa\u011flad\u0131\u011f\u0131 kazan\u0131mlar\u0131 aktard\u0131.<\/p>\n<p>Sanayi ve Teknoloji Bakan\u0131 Mehmet Fatih Kac\u0131r, Ayd\u0131n Ticaret Borsas\u0131\u2019n\u0131n \u00e7al\u0131\u015fmalar\u0131n\u0131 yak\u0131ndan takip ettiklerini belirterek, b\u00f6lgesel kalk\u0131nma ve sanayile\u015fme s\u00fcrecinde i\u015f birli\u011fi i\u00e7inde olmaya devam edeceklerini ifade etti. G\u00f6r\u00fc\u015fme, kar\u015f\u0131l\u0131kl\u0131 iyi dileklerin sunulmas\u0131yla sona erdi.<br \/><\/p>\n","protected":false},"excerpt":{"rendered":"<p>Ayd\u0131n Ticaret Borsas\u0131 Meclis Ba\u015fkan\u0131 A. Bahri Erdel ve Y\u00f6netim Kurulu Ba\u015fkan Yard\u0131mc\u0131s\u0131 Cengiz \u00dclgen, Ayd\u0131n Milletvekili Mustafa Sava\u015f ile birlikte Sanayi ve Teknoloji Bakan\u0131 Mehmet Fatih Kac\u0131r\u2019\u0131 makam\u0131nda ziyaret etti. Ger\u00e7ekle\u015ftirilen ziyarette, Ayd\u0131n Ticaret Borsas\u0131\u2019n\u0131n faaliyetleri ve y\u00fcr\u00fctt\u00fc\u011f\u00fc projeler hakk\u0131nda Bakan Kac\u0131r\u2019a kapsaml\u0131 bir bilgilendirme yap\u0131ld\u0131. B\u00f6lgenin ekonomik kalk\u0131nmas\u0131na y\u00f6nelik at\u0131labilecek ad\u0131mlar ele al\u0131n\u0131rken,&#8230;<\/p>\n","protected":false},"author":1,"featured_media":26640,"comment_status":"open","ping_status":"open","sticky":false,"template":"","format":"standard","meta":{"_crdt_document":"","footnotes":""},"categories":[1],"tags":[],"class_list":["post-26639","post","type-post","status-publish","format-standard","has-post-thumbnail","hentry","category-guncel"],"_links":{"self":[{"href":"https:\/\/www.egemtv.com\/index.php?rest_route=\/wp\/v2\/posts\/26639","targetHints":{"allow":["GET"]}}],"collection":[{"href":"https:\/\/www.egemtv.com\/index.php?rest_route=\/wp\/v2\/posts"}],"about":[{"href":"https:\/\/www.egemtv.com\/index.php?rest_route=\/wp\/v2\/types\/post"}],"author":[{"embeddable":true,"href":"https:\/\/www.egemtv.com\/index.php?rest_route=\/wp\/v2\/users\/1"}],"replies":[{"embeddable":true,"href":"https:\/\/www.egemtv.com\/index.php?rest_route=%2Fwp%2Fv2%2Fcomments&post=26639"}],"version-history":[{"count":1,"href":"https:\/\/www.egemtv.com\/index.php?rest_route=\/wp\/v2\/posts\/26639\/revisions"}],"predecessor-version":[{"id":26641,"href":"https:\/\/www.egemtv.com\/index.php?rest_route=\/wp\/v2\/posts\/26639\/revisions\/26641"}],"wp:featuredmedia":[{"embeddable":true,"href":"https:\/\/www.egemtv.com\/index.php?rest_route=\/wp\/v2\/media\/26640"}],"wp:attachment":[{"href":"https:\/\/www.egemtv.com\/index.php?rest_route=%2Fwp%2Fv2%2Fmedia&parent=26639"}],"wp:term":[{"taxonomy":"category","embeddable":true,"href":"https:\/\/www.egemtv.com\/index.php?rest_route=%2Fwp%2Fv2%2Fcategories&post=26639"},{"taxonomy":"post_tag","embeddable":true,"href":"https:\/\/www.egemtv.com\/index.php?rest_route=%2Fwp%2Fv2%2Ftags&post=26639"}],"curies":[{"name":"wp","href":"https:\/\/api.w.org\/{rel}","templated":true}]}}