{"id":26636,"date":"2025-03-26T12:03:53","date_gmt":"2025-03-26T09:03:53","guid":{"rendered":"https:\/\/www.egemtv.com\/?p=26636"},"modified":"2025-03-26T12:03:55","modified_gmt":"2025-03-26T09:03:55","slug":"baskan-dogan-kadir-gecesi-mesaji-yayimladi","status":"publish","type":"post","link":"https:\/\/www.egemtv.com\/?p=26636","title":{"rendered":"Ba\u015fkan Do\u011fan Kadir Gecesi mesaj\u0131 yay\u0131mlad\u0131"},"content":{"rendered":"<p>Kadir Gecesi dolay\u0131s\u0131yla bir mesaj yay\u0131mlayan Merkezefendi Belediye Ba\u015fkan\u0131 \u015eeniz Do\u011fan, &#8220;Manevi duygular\u0131n \u00fcst seviyelere y\u00fckseldi\u011fi bu kutsal gecede, darg\u0131nl\u0131klara, k\u0131rg\u0131nl\u0131klara son vermek, sevgiyi, sayg\u0131y\u0131, ho\u015fg\u00f6r\u00fcy\u00fc, dostluk ve karde\u015fli\u011fi ge\u00e7erli k\u0131lmak i\u00e7in bize \u00f6nemli f\u0131rsatlar verilmektedir&#8221; dedi.<\/p>\n<p>Kadir Gecesi nedeniyle bir mesaj yay\u0131mlayan Merkezefendi Belediye Ba\u015fkan\u0131 \u015eeniz Do\u011fan, Rahmet ve bereket ay\u0131 olan Ramazan\u2019\u0131n son g\u00fcnlerinin ya\u015fand\u0131\u011f\u0131n\u0131, Kadir Gecesiyle birlikte karde\u015flik, payla\u015fma ve yard\u0131mla\u015fma duygular\u0131n\u0131n artarak devam etti\u011fini vurgulad\u0131. Kadir Gecesi\u2019nin \u00f6nemli f\u0131rsatlar verdi\u011fini ifade eden Ba\u015fkan Do\u011fan, &#8220;Manevi duygular\u0131n \u00fcst seviyelere y\u00fckseldi\u011fi bu kutsal gecede, darg\u0131nl\u0131klara, k\u0131rg\u0131nl\u0131klara son vermek, sevgiyi, sayg\u0131y\u0131, ho\u015fg\u00f6r\u00fcy\u00fc, dostluk ve karde\u015fli\u011fi ge\u00e7erli k\u0131lmak i\u00e7in bize \u00f6nemli f\u0131rsatlar verilmektedir. Bu duygu ve d\u00fc\u015f\u00fcnceler ile bayram havas\u0131n\u0131 hissetmeye ba\u015flad\u0131\u011f\u0131m\u0131z \u015fu g\u00fcnlerde ba\u015fta Merkezefendililerin, Denizlililerin, milletimizin ve t\u00fcm \u0130slam aleminin bin aydan daha hay\u0131rl\u0131 olan Kadir Gecesi m\u00fcbarek olsun&#8221; dedi.<br \/><\/p>\n","protected":false},"excerpt":{"rendered":"<p>Kadir Gecesi dolay\u0131s\u0131yla bir mesaj yay\u0131mlayan Merkezefendi Belediye Ba\u015fkan\u0131 \u015eeniz Do\u011fan, &#8220;Manevi duygular\u0131n \u00fcst seviyelere y\u00fckseldi\u011fi bu kutsal gecede, darg\u0131nl\u0131klara, k\u0131rg\u0131nl\u0131klara son vermek, sevgiyi, sayg\u0131y\u0131, ho\u015fg\u00f6r\u00fcy\u00fc, dostluk ve karde\u015fli\u011fi ge\u00e7erli k\u0131lmak i\u00e7in bize \u00f6nemli f\u0131rsatlar verilmektedir&#8221; dedi. Kadir Gecesi nedeniyle bir mesaj yay\u0131mlayan Merkezefendi Belediye Ba\u015fkan\u0131 \u015eeniz Do\u011fan, Rahmet ve bereket ay\u0131 olan Ramazan\u2019\u0131n son&#8230;<\/p>\n","protected":false},"author":1,"featured_media":26637,"comment_status":"open","ping_status":"open","sticky":false,"template":"","format":"standard","meta":{"_crdt_document":"","footnotes":""},"categories":[123],"tags":[],"class_list":["post-26636","post","type-post","status-publish","format-standard","has-post-thumbnail","hentry","category-gundem"],"_links":{"self":[{"href":"https:\/\/www.egemtv.com\/index.php?rest_route=\/wp\/v2\/posts\/26636","targetHints":{"allow":["GET"]}}],"collection":[{"href":"https:\/\/www.egemtv.com\/index.php?rest_route=\/wp\/v2\/posts"}],"about":[{"href":"https:\/\/www.egemtv.com\/index.php?rest_route=\/wp\/v2\/types\/post"}],"author":[{"embeddable":true,"href":"https:\/\/www.egemtv.com\/index.php?rest_route=\/wp\/v2\/users\/1"}],"replies":[{"embeddable":true,"href":"https:\/\/www.egemtv.com\/index.php?rest_route=%2Fwp%2Fv2%2Fcomments&post=26636"}],"version-history":[{"count":1,"href":"https:\/\/www.egemtv.com\/index.php?rest_route=\/wp\/v2\/posts\/26636\/revisions"}],"predecessor-version":[{"id":26638,"href":"https:\/\/www.egemtv.com\/index.php?rest_route=\/wp\/v2\/posts\/26636\/revisions\/26638"}],"wp:featuredmedia":[{"embeddable":true,"href":"https:\/\/www.egemtv.com\/index.php?rest_route=\/wp\/v2\/media\/26637"}],"wp:attachment":[{"href":"https:\/\/www.egemtv.com\/index.php?rest_route=%2Fwp%2Fv2%2Fmedia&parent=26636"}],"wp:term":[{"taxonomy":"category","embeddable":true,"href":"https:\/\/www.egemtv.com\/index.php?rest_route=%2Fwp%2Fv2%2Fcategories&post=26636"},{"taxonomy":"post_tag","embeddable":true,"href":"https:\/\/www.egemtv.com\/index.php?rest_route=%2Fwp%2Fv2%2Ftags&post=26636"}],"curies":[{"name":"wp","href":"https:\/\/api.w.org\/{rel}","templated":true}]}}