{"id":26633,"date":"2025-03-26T11:43:02","date_gmt":"2025-03-26T08:43:02","guid":{"rendered":"https:\/\/www.egemtv.com\/?p=26633"},"modified":"2025-03-26T11:43:06","modified_gmt":"2025-03-26T08:43:06","slug":"emette-koy-ve-mahalle-muhtarlari-iftarda-bir-araya-geldi","status":"publish","type":"post","link":"https:\/\/www.egemtv.com\/?p=26633","title":{"rendered":"Emet\u2019te k\u00f6y ve mahalle muhtarlar\u0131 iftarda bir araya geldi"},"content":{"rendered":"<p>K\u00fctahya\u2019n\u0131n Emet il\u00e7esinde k\u00f6y ve mahalle muhtarlar\u0131 i\u00e7in iftar program\u0131 d\u00fczenlendi.<br \/>\n<br \/>\u0130ftar program\u0131na Kaymakam Furkan Seyman, Belediye Ba\u015fkan\u0131 Mustafa Koca, \u0130l Genel Meclis \u00dcyeleri H\u00fcseyin Do\u011fan ve Mustafa \u00c7il ile k\u00f6y ve mahalle muhtarlar\u0131 kat\u0131ld\u0131.<br \/>\n<br \/>Program\u0131 \u00f6ncesi ve sonras\u0131nda muhtarlarla bir araya gelen Kaymakam Furkan Seyman, muhtarlar\u0131n dilek ve isteklerini dinledi.<br \/><\/p>\n","protected":false},"excerpt":{"rendered":"<p>K\u00fctahya\u2019n\u0131n Emet il\u00e7esinde k\u00f6y ve mahalle muhtarlar\u0131 i\u00e7in iftar program\u0131 d\u00fczenlendi. \u0130ftar program\u0131na Kaymakam Furkan Seyman, Belediye Ba\u015fkan\u0131 Mustafa Koca, \u0130l Genel Meclis \u00dcyeleri H\u00fcseyin Do\u011fan ve Mustafa \u00c7il ile k\u00f6y ve mahalle muhtarlar\u0131 kat\u0131ld\u0131. Program\u0131 \u00f6ncesi ve sonras\u0131nda muhtarlarla bir araya gelen Kaymakam Furkan Seyman, muhtarlar\u0131n dilek ve isteklerini dinledi.<\/p>\n","protected":false},"author":1,"featured_media":26634,"comment_status":"open","ping_status":"open","sticky":false,"template":"","format":"standard","meta":{"_crdt_document":"","footnotes":""},"categories":[123],"tags":[],"class_list":["post-26633","post","type-post","status-publish","format-standard","has-post-thumbnail","hentry","category-gundem"],"_links":{"self":[{"href":"https:\/\/www.egemtv.com\/index.php?rest_route=\/wp\/v2\/posts\/26633","targetHints":{"allow":["GET"]}}],"collection":[{"href":"https:\/\/www.egemtv.com\/index.php?rest_route=\/wp\/v2\/posts"}],"about":[{"href":"https:\/\/www.egemtv.com\/index.php?rest_route=\/wp\/v2\/types\/post"}],"author":[{"embeddable":true,"href":"https:\/\/www.egemtv.com\/index.php?rest_route=\/wp\/v2\/users\/1"}],"replies":[{"embeddable":true,"href":"https:\/\/www.egemtv.com\/index.php?rest_route=%2Fwp%2Fv2%2Fcomments&post=26633"}],"version-history":[{"count":1,"href":"https:\/\/www.egemtv.com\/index.php?rest_route=\/wp\/v2\/posts\/26633\/revisions"}],"predecessor-version":[{"id":26635,"href":"https:\/\/www.egemtv.com\/index.php?rest_route=\/wp\/v2\/posts\/26633\/revisions\/26635"}],"wp:featuredmedia":[{"embeddable":true,"href":"https:\/\/www.egemtv.com\/index.php?rest_route=\/wp\/v2\/media\/26634"}],"wp:attachment":[{"href":"https:\/\/www.egemtv.com\/index.php?rest_route=%2Fwp%2Fv2%2Fmedia&parent=26633"}],"wp:term":[{"taxonomy":"category","embeddable":true,"href":"https:\/\/www.egemtv.com\/index.php?rest_route=%2Fwp%2Fv2%2Fcategories&post=26633"},{"taxonomy":"post_tag","embeddable":true,"href":"https:\/\/www.egemtv.com\/index.php?rest_route=%2Fwp%2Fv2%2Ftags&post=26633"}],"curies":[{"name":"wp","href":"https:\/\/api.w.org\/{rel}","templated":true}]}}