{"id":26630,"date":"2025-03-26T11:42:58","date_gmt":"2025-03-26T08:42:58","guid":{"rendered":"https:\/\/www.egemtv.com\/?p=26630"},"modified":"2025-03-26T11:43:02","modified_gmt":"2025-03-26T08:43:02","slug":"hisarcikta-ogrenciler-fidan-dikti","status":"publish","type":"post","link":"https:\/\/www.egemtv.com\/?p=26630","title":{"rendered":"Hisarc\u0131k\u2019ta \u00f6\u011frenciler fidan dikti"},"content":{"rendered":"<p>Hisarc\u0131k Meslek Y\u00fcksekokulu ve \u015eehitler Ortaokulu \u00f6\u011frencileri fidan dikimi ger\u00e7ekle\u015ftirdi.<br \/>\n<br \/>Gen\u00e7lik ve Spor \u0130l\u00e7e M\u00fcd\u00fcrl\u00fc\u011f\u00fcnce organize edilen etkinlikte, Hisarc\u0131k Meslek Y\u00fcksekokulu ve \u015eehitler Ortaokulu \u00f6\u011frencileri taraf\u0131ndan Eti Maden Gen\u00e7lik Merkezine ait bah\u00e7eye 15 adet, il\u00e7e stad\u0131na ise 25 adet badem a\u011fac\u0131 dikildi.<br \/><\/p>\n","protected":false},"excerpt":{"rendered":"<p>Hisarc\u0131k Meslek Y\u00fcksekokulu ve \u015eehitler Ortaokulu \u00f6\u011frencileri fidan dikimi ger\u00e7ekle\u015ftirdi. Gen\u00e7lik ve Spor \u0130l\u00e7e M\u00fcd\u00fcrl\u00fc\u011f\u00fcnce organize edilen etkinlikte, Hisarc\u0131k Meslek Y\u00fcksekokulu ve \u015eehitler Ortaokulu \u00f6\u011frencileri taraf\u0131ndan Eti Maden Gen\u00e7lik Merkezine ait bah\u00e7eye 15 adet, il\u00e7e stad\u0131na ise 25 adet badem a\u011fac\u0131 dikildi.<\/p>\n","protected":false},"author":1,"featured_media":26631,"comment_status":"open","ping_status":"open","sticky":false,"template":"","format":"standard","meta":{"_crdt_document":"","footnotes":""},"categories":[1],"tags":[],"class_list":["post-26630","post","type-post","status-publish","format-standard","has-post-thumbnail","hentry","category-guncel"],"_links":{"self":[{"href":"https:\/\/www.egemtv.com\/index.php?rest_route=\/wp\/v2\/posts\/26630","targetHints":{"allow":["GET"]}}],"collection":[{"href":"https:\/\/www.egemtv.com\/index.php?rest_route=\/wp\/v2\/posts"}],"about":[{"href":"https:\/\/www.egemtv.com\/index.php?rest_route=\/wp\/v2\/types\/post"}],"author":[{"embeddable":true,"href":"https:\/\/www.egemtv.com\/index.php?rest_route=\/wp\/v2\/users\/1"}],"replies":[{"embeddable":true,"href":"https:\/\/www.egemtv.com\/index.php?rest_route=%2Fwp%2Fv2%2Fcomments&post=26630"}],"version-history":[{"count":1,"href":"https:\/\/www.egemtv.com\/index.php?rest_route=\/wp\/v2\/posts\/26630\/revisions"}],"predecessor-version":[{"id":26632,"href":"https:\/\/www.egemtv.com\/index.php?rest_route=\/wp\/v2\/posts\/26630\/revisions\/26632"}],"wp:featuredmedia":[{"embeddable":true,"href":"https:\/\/www.egemtv.com\/index.php?rest_route=\/wp\/v2\/media\/26631"}],"wp:attachment":[{"href":"https:\/\/www.egemtv.com\/index.php?rest_route=%2Fwp%2Fv2%2Fmedia&parent=26630"}],"wp:term":[{"taxonomy":"category","embeddable":true,"href":"https:\/\/www.egemtv.com\/index.php?rest_route=%2Fwp%2Fv2%2Fcategories&post=26630"},{"taxonomy":"post_tag","embeddable":true,"href":"https:\/\/www.egemtv.com\/index.php?rest_route=%2Fwp%2Fv2%2Ftags&post=26630"}],"curies":[{"name":"wp","href":"https:\/\/api.w.org\/{rel}","templated":true}]}}