{"id":26627,"date":"2025-03-26T11:42:53","date_gmt":"2025-03-26T08:42:53","guid":{"rendered":"https:\/\/www.egemtv.com\/?p=26627"},"modified":"2025-03-26T11:42:58","modified_gmt":"2025-03-26T08:42:58","slug":"denizli-osb-ramazan-boyunca-80-bin-kisiyi-ayni-sofrada-bulusturdu","status":"publish","type":"post","link":"https:\/\/www.egemtv.com\/?p=26627","title":{"rendered":"Denizli OSB, Ramazan boyunca 80 bin ki\u015fiyi ayn\u0131 sofrada bulu\u015fturdu"},"content":{"rendered":"<p>Denizli Organize Sanayi B\u00f6lgesi M\u00fcd\u00fcrl\u00fc\u011f\u00fc\u2019n\u00fcn \u00f6nc\u00fcl\u00fc\u011f\u00fcnde ve B\u00f6lge firmalar\u0131n\u0131n destekleriyle geleneksel olarak Ramazan Ay\u0131 boyunca d\u00fczenlenen iftar programlar\u0131nda her g\u00fcn 3 bin ki\u015fi ayn\u0131 sofrada bulu\u015fturuyor.<\/p>\n<p>Denizli Organize Sanayi B\u00f6lgesi \u00f6nderli\u011finde M\u00fcft\u00fc Ahmet Hulusi Efendi Cami ve K\u00fclliyesi\u2019nde ger\u00e7ekle\u015ftirilen iftar yeme\u011fine her g\u00fcn farkl\u0131 bir OSB firmas\u0131 taraf\u0131ndan ger\u00e7ekle\u015ftiriliyor. 25 Mart 2025 Sal\u0131 g\u00fcn\u00fc verilen iftar yeme\u011finin ev sahipli\u011fini Denizli OSB Y\u00f6netim Kurulu Ba\u015fkan\u0131 Derya Baltal\u0131 yapt\u0131. \u0130ftar program\u0131na; Denizli B\u00fcy\u00fck\u015fehir Belediye Ba\u015fkan\u0131 B\u00fclent Nuri \u00c7avu\u015fp\u011flu, OSB y\u00f6netim Kurulu Ba\u015fkan\u0131 Derya Baltal\u0131, Bat\u0131 Ege GYO CEO\u2019su &#8211; Baltal\u0131 Grup Y\u00f6netim Kurulu \u00dcyesi Alper Baltal\u0131, Pamukkale \u00dcniversitesi (PA\u00dc) \u00f6\u011frencileri ve vatanda\u015flar kat\u0131ld\u0131.<\/p>\n<p>&#8220;\u0130ftar program\u0131m\u0131zda her g\u00fcn 3 bin \u00f6\u011frenciyi a\u011f\u0131rl\u0131yoruz&#8221;<br \/>\n<br \/>Her y\u0131l geleneksel olarak d\u00fczenlene ve 3 bin ki\u015fiye ula\u015fan iftar yeme\u011fi i\u00e7in a\u00e7\u0131klamalarda bulunan Denizli OSB Y\u00f6netim Kurulu Ba\u015fkan\u0131 Derya Baltal\u0131, &#8220;B\u00f6lgemizdeki firmalar\u0131n destekleriyle Ramazan Ay\u0131 boyunca Pamukkale \u00dcniversitesi \u00f6\u011frencilerimize y\u00f6nelik olarak M\u00fcft\u00fc Ahmet Hulusi Efendi Cami ve K\u00fclliyesi\u2019nde iftar yeme\u011fi d\u00fczenliyoruz. Bu iftar program\u0131, her g\u00fcn 3 bin \u00f6\u011frencimizin orucunu hep birlikte a\u00e7t\u0131\u011f\u0131 anlaml\u0131 bir bulu\u015fmaya d\u00f6n\u00fc\u015f\u00fcyor. Bizler, bu organizasyonu Ramazan ay\u0131n\u0131n manevi atmosferine uygun bir \u015fekilde, \u00f6\u011frencilere moral ve huzur kayna\u011f\u0131 olmas\u0131 amac\u0131yla ger\u00e7ekle\u015ftiriyoruz. Birlik ve beraberli\u011fimizin g\u00fc\u00e7lendi\u011fi Ramazan ay\u0131n\u0131n sonuna gelirken, t\u00fcm milletimizin Ramazan Bayram\u0131\u2019n\u0131 da \u015fimdiden tebrik eder, sa\u011fl\u0131kl\u0131, mutlu, huzurlu, birlikteli\u011fimizin daim oldu\u011fu nice bayramlar dilerim&#8221; \u015feklinde konu\u015ftu.<\/p>\n<p>&#8220;Denizli OSB Y\u00f6netimi\u2019ne, de\u011ferli sanayicilerimize te\u015fekk\u00fcr ederiz&#8221;<br \/>\n<br \/>Denizli B\u00fcy\u00fck\u015fehir Belediye Ba\u015fkan\u0131 B\u00fclent Nuri \u00c7avu\u015fo\u011flu ve Pamukkale Belediye Ba\u015fkan\u0131 Ali R\u0131za Ertemur ise d\u00fczenlenen programda eme\u011fi ge\u00e7enlere te\u015fekk\u00fcr ederek, birlik, beraberlik ve karde\u015flik vurgusu yapt\u0131lar. Denizli B\u00fcy\u00fck\u015fehir Belediye Ba\u015fkan\u0131 B\u00fclent Nuri \u00c7avu\u015fo\u011flu; &#8220;Denizli Organize Sanayi B\u00f6lgesi\u2019nin her sene geleneksel olarak ger\u00e7ekle\u015ftirdi\u011fi ve \u00fcniversiteli, evlerinden, ailelerinden uzak gen\u00e7lerimizin Ramazan ay\u0131 boyunca s\u0131cak yemekle, ayn\u0131 sofrada karde\u015f\u00e7e bulu\u015ftu\u011fu bu program\u0131 \u00e7ok \u00f6nemsiyoruz. Eme\u011fi ge\u00e7en herkese, Denizli OSB Y\u00f6netimi\u2019ne, de\u011ferli sanayicilerimize te\u015fekk\u00fcr ederiz&#8221; dedi.<br \/><\/p>\n","protected":false},"excerpt":{"rendered":"<p>Denizli Organize Sanayi B\u00f6lgesi M\u00fcd\u00fcrl\u00fc\u011f\u00fc\u2019n\u00fcn \u00f6nc\u00fcl\u00fc\u011f\u00fcnde ve B\u00f6lge firmalar\u0131n\u0131n destekleriyle geleneksel olarak Ramazan Ay\u0131 boyunca d\u00fczenlenen iftar programlar\u0131nda her g\u00fcn 3 bin ki\u015fi ayn\u0131 sofrada bulu\u015fturuyor. Denizli Organize Sanayi B\u00f6lgesi \u00f6nderli\u011finde M\u00fcft\u00fc Ahmet Hulusi Efendi Cami ve K\u00fclliyesi\u2019nde ger\u00e7ekle\u015ftirilen iftar yeme\u011fine her g\u00fcn farkl\u0131 bir OSB firmas\u0131 taraf\u0131ndan ger\u00e7ekle\u015ftiriliyor. 25 Mart 2025 Sal\u0131 g\u00fcn\u00fc verilen&#8230;<\/p>\n","protected":false},"author":1,"featured_media":26628,"comment_status":"open","ping_status":"open","sticky":false,"template":"","format":"standard","meta":{"_crdt_document":"","footnotes":""},"categories":[123],"tags":[],"class_list":["post-26627","post","type-post","status-publish","format-standard","has-post-thumbnail","hentry","category-gundem"],"_links":{"self":[{"href":"https:\/\/www.egemtv.com\/index.php?rest_route=\/wp\/v2\/posts\/26627","targetHints":{"allow":["GET"]}}],"collection":[{"href":"https:\/\/www.egemtv.com\/index.php?rest_route=\/wp\/v2\/posts"}],"about":[{"href":"https:\/\/www.egemtv.com\/index.php?rest_route=\/wp\/v2\/types\/post"}],"author":[{"embeddable":true,"href":"https:\/\/www.egemtv.com\/index.php?rest_route=\/wp\/v2\/users\/1"}],"replies":[{"embeddable":true,"href":"https:\/\/www.egemtv.com\/index.php?rest_route=%2Fwp%2Fv2%2Fcomments&post=26627"}],"version-history":[{"count":1,"href":"https:\/\/www.egemtv.com\/index.php?rest_route=\/wp\/v2\/posts\/26627\/revisions"}],"predecessor-version":[{"id":26629,"href":"https:\/\/www.egemtv.com\/index.php?rest_route=\/wp\/v2\/posts\/26627\/revisions\/26629"}],"wp:featuredmedia":[{"embeddable":true,"href":"https:\/\/www.egemtv.com\/index.php?rest_route=\/wp\/v2\/media\/26628"}],"wp:attachment":[{"href":"https:\/\/www.egemtv.com\/index.php?rest_route=%2Fwp%2Fv2%2Fmedia&parent=26627"}],"wp:term":[{"taxonomy":"category","embeddable":true,"href":"https:\/\/www.egemtv.com\/index.php?rest_route=%2Fwp%2Fv2%2Fcategories&post=26627"},{"taxonomy":"post_tag","embeddable":true,"href":"https:\/\/www.egemtv.com\/index.php?rest_route=%2Fwp%2Fv2%2Ftags&post=26627"}],"curies":[{"name":"wp","href":"https:\/\/api.w.org\/{rel}","templated":true}]}}