{"id":26618,"date":"2025-03-26T11:23:37","date_gmt":"2025-03-26T08:23:37","guid":{"rendered":"https:\/\/www.egemtv.com\/?p=26618"},"modified":"2025-03-26T11:23:42","modified_gmt":"2025-03-26T08:23:42","slug":"yolun-karsisina-gecmeye-calisan-yasli-adam-feci-sekilde-can-verdi","status":"publish","type":"post","link":"https:\/\/www.egemtv.com\/?p=26618","title":{"rendered":"Yolun kar\u015f\u0131s\u0131na ge\u00e7meye \u00e7al\u0131\u015fan ya\u015fl\u0131 adam feci \u015fekilde can verdi"},"content":{"rendered":"<p>\u0130zmir\u2019de yolun kar\u015f\u0131s\u0131na ge\u00e7meye \u00e7al\u0131\u015fan 91 ya\u015f\u0131ndaki bir yaya kamyonun alt\u0131nda kalarak feci \u015fekilde hayat\u0131n\u0131 kaybetti. Kaza an\u0131 ise g\u00fcvenlik kameralar\u0131na saniye saniye yans\u0131d\u0131.<br \/>\n<br \/>Kaza, d\u00fcn saat 14.00 s\u0131ralar\u0131nda \u00d6demi\u015f il\u00e7esi \u015eehit \u00d6zpolat ile Kar\u015f\u0131yaka caddelerinin kesi\u015fti\u011fi noktada meydana geldi. Yolun kar\u015f\u0131s\u0131na ge\u00e7meye \u00e7al\u0131\u015fan Mehmet Ye\u015fim (91), seyir halindeki \u0130zmir Su ve Kanalizasyon \u0130daresine (\u0130ZSU) ait N.T. (38) y\u00f6netimindeki 34 CTZ 983 plakal\u0131 kamyonun alt\u0131nda kald\u0131. Talihsiz ya\u015fl\u0131 adam\u0131 g\u00f6ren \u00e7evredeki vatanda\u015flar durumu 112 Acil \u00c7a\u011fr\u0131 Merkezi\u2019ne bildirdi. \u0130hbar \u00fczerine b\u00f6lgeye sevk edilen polis ekipleri g\u00fcvenlik \u00f6nlemlerini al\u0131rken, sa\u011fl\u0131k ekiplerince yap\u0131lan kontrolde ya\u015fl\u0131 adam\u0131n kaza yerinde ya\u015fam\u0131n\u0131 yitirdi\u011fi belirlendi. Feci \u015fekilde hayat\u0131n\u0131 kaybeden Mehmet Ye\u015fim\u2019in cans\u0131z bedeni Adli T\u0131p Kurumu Morgu\u2019na kald\u0131r\u0131l\u0131rken kamyon s\u00fcr\u00fcc\u00fcs\u00fc N.T. ifadesi al\u0131nmak \u00fczere g\u00f6zalt\u0131na al\u0131nd\u0131. Kazayla ilgili ba\u015flat\u0131lan soru\u015fturman\u0131n devam etti\u011fi \u00f6\u011frenildi. Feci kaza ise g\u00fcvenlik kameralar\u0131na anbean yans\u0131d\u0131.<br \/><\/p>\n","protected":false},"excerpt":{"rendered":"<p>\u0130zmir\u2019de yolun kar\u015f\u0131s\u0131na ge\u00e7meye \u00e7al\u0131\u015fan 91 ya\u015f\u0131ndaki bir yaya kamyonun alt\u0131nda kalarak feci \u015fekilde hayat\u0131n\u0131 kaybetti. Kaza an\u0131 ise g\u00fcvenlik kameralar\u0131na saniye saniye yans\u0131d\u0131. Kaza, d\u00fcn saat 14.00 s\u0131ralar\u0131nda \u00d6demi\u015f il\u00e7esi \u015eehit \u00d6zpolat ile Kar\u015f\u0131yaka caddelerinin kesi\u015fti\u011fi noktada meydana geldi. Yolun kar\u015f\u0131s\u0131na ge\u00e7meye \u00e7al\u0131\u015fan Mehmet Ye\u015fim (91), seyir halindeki \u0130zmir Su ve Kanalizasyon \u0130daresine (\u0130ZSU)&#8230;<\/p>\n","protected":false},"author":1,"featured_media":26619,"comment_status":"open","ping_status":"open","sticky":false,"template":"","format":"standard","meta":{"_crdt_document":"","footnotes":""},"categories":[5],"tags":[],"class_list":["post-26618","post","type-post","status-publish","format-standard","has-post-thumbnail","hentry","category-asayis"],"_links":{"self":[{"href":"https:\/\/www.egemtv.com\/index.php?rest_route=\/wp\/v2\/posts\/26618","targetHints":{"allow":["GET"]}}],"collection":[{"href":"https:\/\/www.egemtv.com\/index.php?rest_route=\/wp\/v2\/posts"}],"about":[{"href":"https:\/\/www.egemtv.com\/index.php?rest_route=\/wp\/v2\/types\/post"}],"author":[{"embeddable":true,"href":"https:\/\/www.egemtv.com\/index.php?rest_route=\/wp\/v2\/users\/1"}],"replies":[{"embeddable":true,"href":"https:\/\/www.egemtv.com\/index.php?rest_route=%2Fwp%2Fv2%2Fcomments&post=26618"}],"version-history":[{"count":1,"href":"https:\/\/www.egemtv.com\/index.php?rest_route=\/wp\/v2\/posts\/26618\/revisions"}],"predecessor-version":[{"id":26620,"href":"https:\/\/www.egemtv.com\/index.php?rest_route=\/wp\/v2\/posts\/26618\/revisions\/26620"}],"wp:featuredmedia":[{"embeddable":true,"href":"https:\/\/www.egemtv.com\/index.php?rest_route=\/wp\/v2\/media\/26619"}],"wp:attachment":[{"href":"https:\/\/www.egemtv.com\/index.php?rest_route=%2Fwp%2Fv2%2Fmedia&parent=26618"}],"wp:term":[{"taxonomy":"category","embeddable":true,"href":"https:\/\/www.egemtv.com\/index.php?rest_route=%2Fwp%2Fv2%2Fcategories&post=26618"},{"taxonomy":"post_tag","embeddable":true,"href":"https:\/\/www.egemtv.com\/index.php?rest_route=%2Fwp%2Fv2%2Ftags&post=26618"}],"curies":[{"name":"wp","href":"https:\/\/api.w.org\/{rel}","templated":true}]}}