{"id":26615,"date":"2025-03-26T11:07:47","date_gmt":"2025-03-26T08:07:47","guid":{"rendered":"https:\/\/www.egemtv.com\/?p=26615"},"modified":"2025-03-26T11:07:51","modified_gmt":"2025-03-26T08:07:51","slug":"yaslilarin-misafiri-olan-minikler-bayram-gelenegini-ogrendi","status":"publish","type":"post","link":"https:\/\/www.egemtv.com\/?p=26615","title":{"rendered":"Ya\u015fl\u0131lar\u0131n misafiri olan minikler, bayram gelene\u011fini \u00f6\u011frendi"},"content":{"rendered":"<p>\u0130zmir\u2019de ilkokul \u00f6\u011frencileri, yakla\u015fan Ramazan Bayram\u0131 \u00f6ncesinde ya\u015fl\u0131larla bir araya geldi. Duygusal anlara sahne olan etkinlikte miniklere, geleneksel bayramlar\u0131n \u00f6nemi aktar\u0131ld\u0131.<br \/>\n<br \/>\u0130zmir\u2019in Gaziemir il\u00e7esinde bulunan Fatih ilkokulu \u00f6\u011frencileri, yakla\u015fan Ramazan Bayram\u0131 \u00f6ncesinde Gaziemir Belediyesine ba\u011fl\u0131 Ata Evi Sa\u011fl\u0131kl\u0131 Ya\u015f Alma Merkezi\u2019ndeki ya\u015fl\u0131lar\u0131n misafiri oldu. Miniklere bayram gelene\u011fini aktarmak ve b\u00fcy\u00fckleri ziyaret etmenin \u00f6nemini vurgulamak amac\u0131yla ba\u015flat\u0131lan \u2018Ge\u00e7mi\u015ften Gelece\u011fe Do\u011fru\u2019 projesi kapsam\u0131nda \u00f6\u011frenciler, ya\u015fl\u0131lara el eme\u011fi atk\u0131lar\u0131 hediye etti. Ya\u015fl\u0131lar, ge\u00e7mi\u015f y\u0131llardaki bayramlarla ilgili hat\u0131ralar\u0131n\u0131 da \u00f6\u011frencilerle payla\u015ft\u0131. Duygusal anlar\u0131n ya\u015fand\u0131\u011f\u0131 etkinlikte, ya\u015fl\u0131lar ile \u00f6\u011frenciler birlikte \u015fark\u0131 s\u00f6yledi.<\/p>\n<p>&#8220;K\u00fclt\u00fcrlerimizi yeni nesillere aktarmak gerekiyor&#8221;<br \/>\n<br \/>\u00d6\u011frencilere geleneksel bayramlar\u0131 aktarman\u0131n \u00f6nemine vurgu yapan M\u00fcd\u00fcr Yard\u0131mc\u0131s\u0131 ve Proje Koordinat\u00f6r\u00fc G\u00f6zde Ge\u00e7tan Plana, &#8220;G\u00fcn\u00fcm\u00fczde bayramlar eski heyecan\u0131n\u0131 yitirmi\u015f durumda. Bayramlar art\u0131k \u00e7o\u011fu ki\u015finin akl\u0131nda tatil olarak yer ediniyor. Yeni nesillere bu k\u00fclt\u00fcrel aktar\u0131m\u0131 sa\u011flamak, bizlerin b\u00fcy\u00fcd\u00fc\u011f\u00fc bayramlar\u0131 \u00f6\u011frencilere anlatarak onlarda merak uyand\u0131rmak gerekiyor. Manevi k\u00fclt\u00fcrlerimize sahip \u00e7\u0131kmak, bu duygular\u0131 yeni nesillere aktarmak ailede ba\u015flamal\u0131d\u0131r. E\u011fitimciler olarak de\u011ferlerimize sahip \u00e7\u0131kmay\u0131, korumay\u0131 ve devam ettirmeyi sa\u011flamak en b\u00fcy\u00fck g\u00f6revlerimizden biridir&#8221; diye konu\u015ftu.<br \/>\n<br \/>Ya\u015fl\u0131lar\u0131n, \u00f6\u011frencilerle bir araya gelmesinden dolay\u0131 \u00e7ok mutlu olduklar\u0131n\u0131 kaydeden Plana, &#8220;Kimi ya\u015fl\u0131lar \u00e7ocuklar\u0131ndan bahsederek duygu dolu anlar ya\u015farken, kimileri de \u00f6\u011frencilerimizi kendi torunlar\u0131 yerine koyarak onlarla kucakla\u015ft\u0131. \u00d6\u011frencilerimiz i\u00e7in olduk\u00e7a farkl\u0131 bir deneyim oldu. Merakla etraf\u0131 gezdiler, ya\u015fl\u0131lar\u0131m\u0131zla m\u00fczik e\u015fli\u011finde sohbet ettiler. \u00d6\u011frenciler, ya\u015fl\u0131lara kolonya ve \u00e7ikolata da\u011f\u0131tt\u0131, onlar\u0131n ellerini \u00f6perek bir bayram havas\u0131 ya\u015fatt\u0131lar. Ya\u015fl\u0131lar\u0131m\u0131zdan eski bayramlarla ilgili hikayelerini, bug\u00fcnk\u00fc bayramlarla aras\u0131ndaki fark\u0131 dinlemek olduk\u00e7a keyifliydi. \u00d6\u011frenciler, ya\u015fl\u0131lara k\u00fc\u00e7\u00fck hediyeler verip hep beraber \u015fark\u0131lar s\u00f6yledi. Biz de ya\u015fl\u0131lar\u0131 okulumuza davet ettik&#8221; a\u00e7\u0131klamalar\u0131nda bulundu.<br \/><\/p>\n","protected":false},"excerpt":{"rendered":"<p>\u0130zmir\u2019de ilkokul \u00f6\u011frencileri, yakla\u015fan Ramazan Bayram\u0131 \u00f6ncesinde ya\u015fl\u0131larla bir araya geldi. Duygusal anlara sahne olan etkinlikte miniklere, geleneksel bayramlar\u0131n \u00f6nemi aktar\u0131ld\u0131. \u0130zmir\u2019in Gaziemir il\u00e7esinde bulunan Fatih ilkokulu \u00f6\u011frencileri, yakla\u015fan Ramazan Bayram\u0131 \u00f6ncesinde Gaziemir Belediyesine ba\u011fl\u0131 Ata Evi Sa\u011fl\u0131kl\u0131 Ya\u015f Alma Merkezi\u2019ndeki ya\u015fl\u0131lar\u0131n misafiri oldu. Miniklere bayram gelene\u011fini aktarmak ve b\u00fcy\u00fckleri ziyaret etmenin \u00f6nemini vurgulamak amac\u0131yla&#8230;<\/p>\n","protected":false},"author":1,"featured_media":26616,"comment_status":"open","ping_status":"open","sticky":false,"template":"","format":"standard","meta":{"_crdt_document":"","footnotes":""},"categories":[1],"tags":[],"class_list":["post-26615","post","type-post","status-publish","format-standard","has-post-thumbnail","hentry","category-guncel"],"_links":{"self":[{"href":"https:\/\/www.egemtv.com\/index.php?rest_route=\/wp\/v2\/posts\/26615","targetHints":{"allow":["GET"]}}],"collection":[{"href":"https:\/\/www.egemtv.com\/index.php?rest_route=\/wp\/v2\/posts"}],"about":[{"href":"https:\/\/www.egemtv.com\/index.php?rest_route=\/wp\/v2\/types\/post"}],"author":[{"embeddable":true,"href":"https:\/\/www.egemtv.com\/index.php?rest_route=\/wp\/v2\/users\/1"}],"replies":[{"embeddable":true,"href":"https:\/\/www.egemtv.com\/index.php?rest_route=%2Fwp%2Fv2%2Fcomments&post=26615"}],"version-history":[{"count":1,"href":"https:\/\/www.egemtv.com\/index.php?rest_route=\/wp\/v2\/posts\/26615\/revisions"}],"predecessor-version":[{"id":26617,"href":"https:\/\/www.egemtv.com\/index.php?rest_route=\/wp\/v2\/posts\/26615\/revisions\/26617"}],"wp:featuredmedia":[{"embeddable":true,"href":"https:\/\/www.egemtv.com\/index.php?rest_route=\/wp\/v2\/media\/26616"}],"wp:attachment":[{"href":"https:\/\/www.egemtv.com\/index.php?rest_route=%2Fwp%2Fv2%2Fmedia&parent=26615"}],"wp:term":[{"taxonomy":"category","embeddable":true,"href":"https:\/\/www.egemtv.com\/index.php?rest_route=%2Fwp%2Fv2%2Fcategories&post=26615"},{"taxonomy":"post_tag","embeddable":true,"href":"https:\/\/www.egemtv.com\/index.php?rest_route=%2Fwp%2Fv2%2Ftags&post=26615"}],"curies":[{"name":"wp","href":"https:\/\/api.w.org\/{rel}","templated":true}]}}