{"id":26612,"date":"2025-03-26T11:07:42","date_gmt":"2025-03-26T08:07:42","guid":{"rendered":"https:\/\/www.egemtv.com\/?p=26612"},"modified":"2025-03-26T11:07:47","modified_gmt":"2025-03-26T08:07:47","slug":"ieulu-profesore-uluslararasi-gurur","status":"publish","type":"post","link":"https:\/\/www.egemtv.com\/?p=26612","title":{"rendered":"\u0130E\u00dc\u2019l\u00fc profes\u00f6re \u2018uluslararas\u0131\u2019 gurur"},"content":{"rendered":"<p>\u0130zmir Ekonomi \u00dcniversitesi (\u0130E\u00dc) Ara\u015ft\u0131rma \u0130\u015f Birlikleri ve \u0130novasyon Koordinat\u00f6r\u00fc Prof. Dr. Fazilet Vardar, bilgi ve teknoloji transferini desteklemek amac\u0131yla yapt\u0131\u011f\u0131 ba\u015far\u0131l\u0131 \u00e7al\u0131\u015fmalar\u0131 dikkate al\u0131narak uluslararas\u0131 alanda \u00f6d\u00fcle lay\u0131k g\u00f6r\u00fcld\u00fc. D\u00fcnya genelinde 3 binden fazla \u00fcyesi bulunan, Amerika Birle\u015fik Devletleri merkezli \u00dcniversite Teknoloji Y\u00f6neticileri Derne\u011fi (AUTM), titiz ve detayl\u0131 incelemeler sonunda Prof. Dr. Vardar\u2019\u0131, \u20182025 G\u00f6n\u00fcll\u00fc Hizmet \u00d6d\u00fcl\u00fc\u2019 ile onurland\u0131rd\u0131.<br \/>\n<br \/>2015 y\u0131l\u0131ndan bu yana AUTM Uluslararas\u0131 Stratejik Komite \u00dcyesi olarak bir\u00e7ok projede aktif olarak yer alan Prof. Dr. Vardar, son 3 senedir de \u2018Orta Do\u011fu-Kuzey Afrika\u2019 b\u00f6lge sorumlusu g\u00f6revini \u00fcstlendi. Uluslararas\u0131 alanda, sekt\u00f6r temsilcilerinin ve \u00f6\u011frencilerin de geni\u015f kat\u0131l\u0131m\u0131yla \u00e7al\u0131\u015ftaylar d\u00fczenlenmesi, i\u015f birliklerinin yap\u0131lmas\u0131 ve yeni teknolojilerin daha geni\u015f kitlelere ula\u015fmas\u0131 hedefiyle \u00e7al\u0131\u015fan Prof. Dr. Vardar, bu alanlardaki ba\u015far\u0131lar\u0131yla ad\u0131ndan s\u00f6z ettirdi. \u00dclkemizi uluslararas\u0131 arenada en iyi \u015fekilde temsil eden Prof. Dr. Vardar, emeklerinin kar\u015f\u0131l\u0131\u011f\u0131n\u0131 da b\u00f6ylesine prestijli bir \u00f6d\u00fcle ula\u015farak ald\u0131.<\/p>\n<p>Gerekli ekosistem olu\u015fuyor<br \/>\n<br \/>K\u00fcresel d\u00fczlemde bilgi ve teknoloji transferini destekleme misyonuna sahip olan \u00dcniversite Teknoloji Y\u00f6neticileri Derne\u011fi (Association of University Technology Managers) hakk\u0131nda bilgi veren Prof. Dr. Vardar, &#8220;Dernek, ABD\u2019nin teknoloji transfer alan\u0131ndaki bir sivil toplum kurulu\u015fu olma \u00f6zelli\u011fi ta\u015f\u0131yor. 1970\u2019lerden bu yana geli\u015ftirdi\u011fi ve yayg\u0131nla\u015ft\u0131rmaya \u00e7al\u0131\u015ft\u0131\u011f\u0131 iyi uygulamalar ile \u00fcniversite-sanayi i\u015f birliklerini destekleyerek, ara\u015ft\u0131rma sonu\u00e7lar\u0131ndan sosyo-ekonomik katma de\u011fer olu\u015fturmaya y\u00f6nelik faaliyetler s\u00fcrd\u00fcr\u00fcyor. Ben de son 10 y\u0131ld\u0131r, AUTM Uluslararas\u0131 Stratejik Komitesi \u00dcyesi olarak \u00e7al\u0131\u015fmalarda yer ald\u0131m. 2021 y\u0131l\u0131nda Geli\u015fmekte Olan \u00dclkeler (Emerging Nations) \u00c7al\u0131\u015fma Grubu\u2019nda bulundum. 2022\u2019den bu yana da \u2018Orta Do\u011fu-Kuzey Afrika\u2019 b\u00f6lgesi sorumlusu olarak g\u00f6rev yap\u0131yorum. T\u00fcm bunlar\u0131 yaparken, y\u0131lda 4 kez ger\u00e7ekle\u015ftirilen toplant\u0131lara kat\u0131larak, \u00fclkemiz ve b\u00f6lgemizdeki teknoloji transfer ekosistemini geli\u015fme faaliyetlerini payla\u015f\u0131yorum&#8221; diye konu\u015ftu. \u00d6d\u00fcle lay\u0131k g\u00f6r\u00fcld\u00fc\u011f\u00fc i\u00e7in b\u00fcy\u00fck mutluluk ve gurur ya\u015fad\u0131\u011f\u0131n\u0131 s\u00f6yleyen Prof. Dr. Vardar, \u00f6n\u00fcm\u00fczdeki d\u00f6nemde de \u00e7al\u0131\u015fmalar\u0131n\u0131 b\u00fcy\u00fck bir kararl\u0131l\u0131kla devam ettirece\u011fini s\u00f6zlerine ekledi.<br \/><\/p>\n","protected":false},"excerpt":{"rendered":"<p>\u0130zmir Ekonomi \u00dcniversitesi (\u0130E\u00dc) Ara\u015ft\u0131rma \u0130\u015f Birlikleri ve \u0130novasyon Koordinat\u00f6r\u00fc Prof. Dr. Fazilet Vardar, bilgi ve teknoloji transferini desteklemek amac\u0131yla yapt\u0131\u011f\u0131 ba\u015far\u0131l\u0131 \u00e7al\u0131\u015fmalar\u0131 dikkate al\u0131narak uluslararas\u0131 alanda \u00f6d\u00fcle lay\u0131k g\u00f6r\u00fcld\u00fc. D\u00fcnya genelinde 3 binden fazla \u00fcyesi bulunan, Amerika Birle\u015fik Devletleri merkezli \u00dcniversite Teknoloji Y\u00f6neticileri Derne\u011fi (AUTM), titiz ve detayl\u0131 incelemeler sonunda Prof. Dr. Vardar\u2019\u0131, \u20182025&#8230;<\/p>\n","protected":false},"author":1,"featured_media":26613,"comment_status":"open","ping_status":"open","sticky":false,"template":"","format":"standard","meta":{"_crdt_document":"","footnotes":""},"categories":[1],"tags":[],"class_list":["post-26612","post","type-post","status-publish","format-standard","has-post-thumbnail","hentry","category-guncel"],"_links":{"self":[{"href":"https:\/\/www.egemtv.com\/index.php?rest_route=\/wp\/v2\/posts\/26612","targetHints":{"allow":["GET"]}}],"collection":[{"href":"https:\/\/www.egemtv.com\/index.php?rest_route=\/wp\/v2\/posts"}],"about":[{"href":"https:\/\/www.egemtv.com\/index.php?rest_route=\/wp\/v2\/types\/post"}],"author":[{"embeddable":true,"href":"https:\/\/www.egemtv.com\/index.php?rest_route=\/wp\/v2\/users\/1"}],"replies":[{"embeddable":true,"href":"https:\/\/www.egemtv.com\/index.php?rest_route=%2Fwp%2Fv2%2Fcomments&post=26612"}],"version-history":[{"count":1,"href":"https:\/\/www.egemtv.com\/index.php?rest_route=\/wp\/v2\/posts\/26612\/revisions"}],"predecessor-version":[{"id":26614,"href":"https:\/\/www.egemtv.com\/index.php?rest_route=\/wp\/v2\/posts\/26612\/revisions\/26614"}],"wp:featuredmedia":[{"embeddable":true,"href":"https:\/\/www.egemtv.com\/index.php?rest_route=\/wp\/v2\/media\/26613"}],"wp:attachment":[{"href":"https:\/\/www.egemtv.com\/index.php?rest_route=%2Fwp%2Fv2%2Fmedia&parent=26612"}],"wp:term":[{"taxonomy":"category","embeddable":true,"href":"https:\/\/www.egemtv.com\/index.php?rest_route=%2Fwp%2Fv2%2Fcategories&post=26612"},{"taxonomy":"post_tag","embeddable":true,"href":"https:\/\/www.egemtv.com\/index.php?rest_route=%2Fwp%2Fv2%2Ftags&post=26612"}],"curies":[{"name":"wp","href":"https:\/\/api.w.org\/{rel}","templated":true}]}}