{"id":26606,"date":"2025-03-26T11:07:33","date_gmt":"2025-03-26T08:07:33","guid":{"rendered":"https:\/\/www.egemtv.com\/?p=26606"},"modified":"2025-03-26T11:07:39","modified_gmt":"2025-03-26T08:07:39","slug":"didimde-firinlar-denetlendi","status":"publish","type":"post","link":"https:\/\/www.egemtv.com\/?p=26606","title":{"rendered":"Didim\u2019de f\u0131r\u0131nlar denetlendi"},"content":{"rendered":"<p>Didim Belediyesi zab\u0131ta ekipleri f\u0131r\u0131nlarda denetim ger\u00e7ekle\u015ftirdi.<\/p>\n<p>\u0130l\u00e7e genelinde denetimlerine devam eden Didim Belediyesi zab\u0131ta ekipleri, g\u0131da \u00fcretim ve sat\u0131\u015f noktalar\u0131nda denetim ger\u00e7ekle\u015ftirdi. Son olarak il\u00e7elerdeki f\u0131r\u0131nlarda denetim yapan ekipler, hijyen \u015fartlar\u0131, gramaj kontrolleri ve ruhsat uygunluklar\u0131n\u0131 inceledi. Konu ile ilgili Didim Belediyesi\u2019nden yap\u0131lan payla\u015f\u0131mda &#8220;Zab\u0131ta M\u00fcd\u00fcrl\u00fc\u011f\u00fc ekiplerimiz, halk sa\u011fl\u0131\u011f\u0131n\u0131 korumak ve hijyen standartlar\u0131n\u0131 en \u00fcst seviyede tutmak amac\u0131yla f\u0131r\u0131n denetimlerini ger\u00e7ekle\u015ftirdi. Denetimler s\u0131ras\u0131nda hijyen \u015fartlar\u0131, gramaj kontrolleri ve ruhsat uygunluklar\u0131 titizlikle incelendi. Halk\u0131m\u0131z\u0131n sa\u011fl\u0131kl\u0131 ve g\u00fcvenli g\u0131daya ula\u015fabilmesi i\u00e7in denetimlerimiz aral\u0131ks\u0131z devam edecek. Sa\u011fl\u0131kl\u0131 ve g\u00fcvenli bir Didim i\u00e7in \u00e7al\u0131\u015fmaya devam ediyoruz&#8221; ifadeleri yer ald\u0131.<br \/><\/p>\n","protected":false},"excerpt":{"rendered":"<p>Didim Belediyesi zab\u0131ta ekipleri f\u0131r\u0131nlarda denetim ger\u00e7ekle\u015ftirdi. \u0130l\u00e7e genelinde denetimlerine devam eden Didim Belediyesi zab\u0131ta ekipleri, g\u0131da \u00fcretim ve sat\u0131\u015f noktalar\u0131nda denetim ger\u00e7ekle\u015ftirdi. Son olarak il\u00e7elerdeki f\u0131r\u0131nlarda denetim yapan ekipler, hijyen \u015fartlar\u0131, gramaj kontrolleri ve ruhsat uygunluklar\u0131n\u0131 inceledi. Konu ile ilgili Didim Belediyesi\u2019nden yap\u0131lan payla\u015f\u0131mda &#8220;Zab\u0131ta M\u00fcd\u00fcrl\u00fc\u011f\u00fc ekiplerimiz, halk sa\u011fl\u0131\u011f\u0131n\u0131 korumak ve hijyen standartlar\u0131n\u0131 en&#8230;<\/p>\n","protected":false},"author":1,"featured_media":26607,"comment_status":"open","ping_status":"open","sticky":false,"template":"","format":"standard","meta":{"_crdt_document":"","footnotes":""},"categories":[1],"tags":[],"class_list":["post-26606","post","type-post","status-publish","format-standard","has-post-thumbnail","hentry","category-guncel"],"_links":{"self":[{"href":"https:\/\/www.egemtv.com\/index.php?rest_route=\/wp\/v2\/posts\/26606","targetHints":{"allow":["GET"]}}],"collection":[{"href":"https:\/\/www.egemtv.com\/index.php?rest_route=\/wp\/v2\/posts"}],"about":[{"href":"https:\/\/www.egemtv.com\/index.php?rest_route=\/wp\/v2\/types\/post"}],"author":[{"embeddable":true,"href":"https:\/\/www.egemtv.com\/index.php?rest_route=\/wp\/v2\/users\/1"}],"replies":[{"embeddable":true,"href":"https:\/\/www.egemtv.com\/index.php?rest_route=%2Fwp%2Fv2%2Fcomments&post=26606"}],"version-history":[{"count":1,"href":"https:\/\/www.egemtv.com\/index.php?rest_route=\/wp\/v2\/posts\/26606\/revisions"}],"predecessor-version":[{"id":26608,"href":"https:\/\/www.egemtv.com\/index.php?rest_route=\/wp\/v2\/posts\/26606\/revisions\/26608"}],"wp:featuredmedia":[{"embeddable":true,"href":"https:\/\/www.egemtv.com\/index.php?rest_route=\/wp\/v2\/media\/26607"}],"wp:attachment":[{"href":"https:\/\/www.egemtv.com\/index.php?rest_route=%2Fwp%2Fv2%2Fmedia&parent=26606"}],"wp:term":[{"taxonomy":"category","embeddable":true,"href":"https:\/\/www.egemtv.com\/index.php?rest_route=%2Fwp%2Fv2%2Fcategories&post=26606"},{"taxonomy":"post_tag","embeddable":true,"href":"https:\/\/www.egemtv.com\/index.php?rest_route=%2Fwp%2Fv2%2Ftags&post=26606"}],"curies":[{"name":"wp","href":"https:\/\/api.w.org\/{rel}","templated":true}]}}