{"id":26603,"date":"2025-03-26T11:07:26","date_gmt":"2025-03-26T08:07:26","guid":{"rendered":"https:\/\/www.egemtv.com\/?p=26603"},"modified":"2025-03-26T11:07:32","modified_gmt":"2025-03-26T08:07:32","slug":"kusadasi-belediyesinde-toplu-is-sozlesmesi-imzalandi","status":"publish","type":"post","link":"https:\/\/www.egemtv.com\/?p=26603","title":{"rendered":"Ku\u015fadas\u0131 Belediyesi\u2019nde toplu i\u015f s\u00f6zle\u015fmesi imzaland\u0131"},"content":{"rendered":"<p>Ku\u015fadas\u0131 Belediyesi ile T\u00fcrkiye \u0130\u015f\u00e7i Sendikalar\u0131 Konfederasyonu\u2019na ba\u011fl\u0131 Belediye \u0130\u015f Sendikas\u0131 aras\u0131nda toplu i\u015f s\u00f6zle\u015fmesi imzaland\u0131. \u0130mza t\u00f6reninde konu\u015fan Ba\u015fkan \u00d6mer G\u00fcnel, &#8220;S\u00f6zle\u015fmemizin t\u00fcm mesai arkada\u015flar\u0131ma hay\u0131rl\u0131 ve u\u011furlu olmas\u0131n\u0131 diliyorum&#8221; dedi.<\/p>\n<p>Ku\u015fadas\u0131 Belediyesi ile Belediye \u0130\u015f Sendikas\u0131 aras\u0131nda bir s\u00fcredir devam eden toplu i\u015f s\u00f6zle\u015fmesi g\u00f6r\u00fc\u015fmeleri, uzla\u015fmayla sonu\u00e7land\u0131. Ku\u015fadas\u0131 Belediyesi\u2019ne ba\u011fl\u0131 Personel A.\u015e\u2019deki en d\u00fc\u015f\u00fck i\u015f\u00e7i maa\u015f\u0131n\u0131, ikramiyelerle birlikte 34 bin 500 liraya \u00e7\u0131karan toplu i\u015f s\u00f6zle\u015fmesi, i\u015f\u00e7iler taraf\u0131ndan sevin\u00e7le kar\u015f\u0131land\u0131. Uzla\u015fman\u0131n ard\u0131ndan Ku\u015fadas\u0131 Belediyesi Ana Hizmet Binas\u0131\u2019ndaki ba\u015fkanl\u0131k makam\u0131nda imza t\u00f6reni d\u00fczenlendi. T\u00f6rene Ba\u015fkan \u00d6mer G\u00fcnel, belediye ba\u015fkan yard\u0131mc\u0131lar\u0131, Personel A.\u015e Y\u00f6netim Kurulu Ba\u015fkan\u0131 Soner Kaplan, Personel A.\u015e Y\u00f6netim Kurulu \u00dcyesi Zekeriya T\u00fcnk,  Belediye \u0130\u015f Sendikas\u0131 Ayd\u0131n \u015eubesi Ba\u015fkan\u0131 Hidayet Yaman ve y\u00f6neticiler kat\u0131ld\u0131.<\/p>\n<p>T\u00f6rende konu\u015fan Belediye \u0130\u015f Sendikas\u0131 Ayd\u0131n \u015eubesi Ba\u015fkan\u0131 Hidayet Yaman, &#8220;Bug\u00fcn Ku\u015fadas\u0131 Belediyesi ile s\u00f6zle\u015fmemizi imzalad\u0131k. Bu s\u00f6zle\u015fme di\u011fer belediyelere de \u00f6rnek olacak bir s\u00f6zle\u015fmedir. Her zaman \u00e7al\u0131\u015fanlar\u0131n\u0131n yan\u0131nda olan Ku\u015fadas\u0131 Belediye Ba\u015fkan\u0131m\u0131z Say\u0131n \u00d6mer G\u00fcnel\u2019e t\u00fcm i\u015f\u00e7i arkada\u015flar\u0131m ad\u0131na te\u015fekk\u00fcr ediyorum&#8221; dedi.<\/p>\n<p>Ku\u015fadas\u0131 Belediye Ba\u015fkan\u0131 \u00d6mer G\u00fcnel ise &#8220;Biz t\u00fcm \u00e7al\u0131\u015fanlar\u0131m\u0131z ile b\u00fcy\u00fck bir aileyiz. Bug\u00fcne kadar oldu\u011fu gibi bundan sonraki s\u00fcre\u00e7te de imkanlar\u0131m\u0131z d\u00e2hilinde \u00e7al\u0131\u015fanlar\u0131m\u0131z\u0131n yan\u0131nda olmaya devam edece\u011fiz. S\u00f6zle\u015fmemizin t\u00fcm mesai arkada\u015flar\u0131ma hay\u0131rl\u0131 ve u\u011furlu olmas\u0131n\u0131 diliyorum&#8221; diye konu\u015ftu.<br \/><\/p>\n","protected":false},"excerpt":{"rendered":"<p>Ku\u015fadas\u0131 Belediyesi ile T\u00fcrkiye \u0130\u015f\u00e7i Sendikalar\u0131 Konfederasyonu\u2019na ba\u011fl\u0131 Belediye \u0130\u015f Sendikas\u0131 aras\u0131nda toplu i\u015f s\u00f6zle\u015fmesi imzaland\u0131. \u0130mza t\u00f6reninde konu\u015fan Ba\u015fkan \u00d6mer G\u00fcnel, &#8220;S\u00f6zle\u015fmemizin t\u00fcm mesai arkada\u015flar\u0131ma hay\u0131rl\u0131 ve u\u011furlu olmas\u0131n\u0131 diliyorum&#8221; dedi. Ku\u015fadas\u0131 Belediyesi ile Belediye \u0130\u015f Sendikas\u0131 aras\u0131nda bir s\u00fcredir devam eden toplu i\u015f s\u00f6zle\u015fmesi g\u00f6r\u00fc\u015fmeleri, uzla\u015fmayla sonu\u00e7land\u0131. Ku\u015fadas\u0131 Belediyesi\u2019ne ba\u011fl\u0131 Personel A.\u015e\u2019deki en&#8230;<\/p>\n","protected":false},"author":1,"featured_media":26604,"comment_status":"open","ping_status":"open","sticky":false,"template":"","format":"standard","meta":{"_crdt_document":"","footnotes":""},"categories":[125],"tags":[],"class_list":["post-26603","post","type-post","status-publish","format-standard","has-post-thumbnail","hentry","category-ekonomi"],"_links":{"self":[{"href":"https:\/\/www.egemtv.com\/index.php?rest_route=\/wp\/v2\/posts\/26603","targetHints":{"allow":["GET"]}}],"collection":[{"href":"https:\/\/www.egemtv.com\/index.php?rest_route=\/wp\/v2\/posts"}],"about":[{"href":"https:\/\/www.egemtv.com\/index.php?rest_route=\/wp\/v2\/types\/post"}],"author":[{"embeddable":true,"href":"https:\/\/www.egemtv.com\/index.php?rest_route=\/wp\/v2\/users\/1"}],"replies":[{"embeddable":true,"href":"https:\/\/www.egemtv.com\/index.php?rest_route=%2Fwp%2Fv2%2Fcomments&post=26603"}],"version-history":[{"count":1,"href":"https:\/\/www.egemtv.com\/index.php?rest_route=\/wp\/v2\/posts\/26603\/revisions"}],"predecessor-version":[{"id":26605,"href":"https:\/\/www.egemtv.com\/index.php?rest_route=\/wp\/v2\/posts\/26603\/revisions\/26605"}],"wp:featuredmedia":[{"embeddable":true,"href":"https:\/\/www.egemtv.com\/index.php?rest_route=\/wp\/v2\/media\/26604"}],"wp:attachment":[{"href":"https:\/\/www.egemtv.com\/index.php?rest_route=%2Fwp%2Fv2%2Fmedia&parent=26603"}],"wp:term":[{"taxonomy":"category","embeddable":true,"href":"https:\/\/www.egemtv.com\/index.php?rest_route=%2Fwp%2Fv2%2Fcategories&post=26603"},{"taxonomy":"post_tag","embeddable":true,"href":"https:\/\/www.egemtv.com\/index.php?rest_route=%2Fwp%2Fv2%2Ftags&post=26603"}],"curies":[{"name":"wp","href":"https:\/\/api.w.org\/{rel}","templated":true}]}}