{"id":26600,"date":"2025-03-26T10:43:28","date_gmt":"2025-03-26T07:43:28","guid":{"rendered":"https:\/\/www.egemtv.com\/?p=26600"},"modified":"2025-03-26T10:43:33","modified_gmt":"2025-03-26T07:43:33","slug":"universite-ogrencileri-tarimsal-hibe-ve-destekler-konusunda-bilgilendirildi","status":"publish","type":"post","link":"https:\/\/www.egemtv.com\/?p=26600","title":{"rendered":"\u00dcniversite \u00f6\u011frencileri tar\u0131msal hibe ve destekler konusunda bilgilendirildi"},"content":{"rendered":"<p>Ayd\u0131n \u0130l Tar\u0131m ve Orman M\u00fcd\u00fcrl\u00fc\u011f\u00fc ekipleri, Ziraat Fak\u00fcltesi \u00f6\u011frencilerini hibe ve destekler konusunda bilgilendirdi.<br \/>\n<br \/>\u00d6nemli tar\u0131m kentlerinden olan Ayd\u0131n\u2019da \u00fcreticilere y\u00f6nelik e\u011fitimlerine devam eden Ayd\u0131n \u0130l Tar\u0131m ve Orman M\u00fcd\u00fcrl\u00fc\u011f\u00fc ekipleri son olarak \u00fcniversite \u00f6\u011frencileri ile bir araya geldi. Ziraat Fak\u00fcltesi \u00f6\u011frencilerinin Tar\u0131m Ekonomisi Proje D\u00f6ng\u00fcs\u00fc dersine kat\u0131lan il tar\u0131m ekipleri, \u00fcniversite \u00f6\u011frencilerini tar\u0131msal hibe ve destekler konusunda bilgilendirdi. Konu ile ilgili Ayd\u0131n \u0130l Tar\u0131m ve Orman M\u00fcd\u00fcrl\u00fc\u011f\u00fc\u2019nden yap\u0131lan a\u00e7\u0131klamada &#8220;Ayd\u0131n Tar\u0131m ve Orman \u0130l M\u00fcd\u00fcrl\u00fc\u011f\u00fc K\u0131rsal Kalk\u0131nma ve \u00d6rg\u00fctlenme \u015eube M\u00fcd\u00fcrl\u00fc\u011f\u00fc personelimizce, Ziraat Fak\u00fcltesi\u2019nde Tar\u0131m Ekonomisi Proje D\u00f6ng\u00fcs\u00fc dersine kat\u0131l\u0131m sa\u011flanarak \u00f6\u011frencilerimize hibe desteklemeleri hakk\u0131nda bilgilendirme yap\u0131ld\u0131&#8221; ifadeleri yer ald\u0131.<br \/><\/p>\n","protected":false},"excerpt":{"rendered":"<p>Ayd\u0131n \u0130l Tar\u0131m ve Orman M\u00fcd\u00fcrl\u00fc\u011f\u00fc ekipleri, Ziraat Fak\u00fcltesi \u00f6\u011frencilerini hibe ve destekler konusunda bilgilendirdi. \u00d6nemli tar\u0131m kentlerinden olan Ayd\u0131n\u2019da \u00fcreticilere y\u00f6nelik e\u011fitimlerine devam eden Ayd\u0131n \u0130l Tar\u0131m ve Orman M\u00fcd\u00fcrl\u00fc\u011f\u00fc ekipleri son olarak \u00fcniversite \u00f6\u011frencileri ile bir araya geldi. Ziraat Fak\u00fcltesi \u00f6\u011frencilerinin Tar\u0131m Ekonomisi Proje D\u00f6ng\u00fcs\u00fc dersine kat\u0131lan il tar\u0131m ekipleri, \u00fcniversite \u00f6\u011frencilerini tar\u0131msal&#8230;<\/p>\n","protected":false},"author":1,"featured_media":26601,"comment_status":"open","ping_status":"open","sticky":false,"template":"","format":"standard","meta":{"_crdt_document":"","footnotes":""},"categories":[1],"tags":[],"class_list":["post-26600","post","type-post","status-publish","format-standard","has-post-thumbnail","hentry","category-guncel"],"_links":{"self":[{"href":"https:\/\/www.egemtv.com\/index.php?rest_route=\/wp\/v2\/posts\/26600","targetHints":{"allow":["GET"]}}],"collection":[{"href":"https:\/\/www.egemtv.com\/index.php?rest_route=\/wp\/v2\/posts"}],"about":[{"href":"https:\/\/www.egemtv.com\/index.php?rest_route=\/wp\/v2\/types\/post"}],"author":[{"embeddable":true,"href":"https:\/\/www.egemtv.com\/index.php?rest_route=\/wp\/v2\/users\/1"}],"replies":[{"embeddable":true,"href":"https:\/\/www.egemtv.com\/index.php?rest_route=%2Fwp%2Fv2%2Fcomments&post=26600"}],"version-history":[{"count":1,"href":"https:\/\/www.egemtv.com\/index.php?rest_route=\/wp\/v2\/posts\/26600\/revisions"}],"predecessor-version":[{"id":26602,"href":"https:\/\/www.egemtv.com\/index.php?rest_route=\/wp\/v2\/posts\/26600\/revisions\/26602"}],"wp:featuredmedia":[{"embeddable":true,"href":"https:\/\/www.egemtv.com\/index.php?rest_route=\/wp\/v2\/media\/26601"}],"wp:attachment":[{"href":"https:\/\/www.egemtv.com\/index.php?rest_route=%2Fwp%2Fv2%2Fmedia&parent=26600"}],"wp:term":[{"taxonomy":"category","embeddable":true,"href":"https:\/\/www.egemtv.com\/index.php?rest_route=%2Fwp%2Fv2%2Fcategories&post=26600"},{"taxonomy":"post_tag","embeddable":true,"href":"https:\/\/www.egemtv.com\/index.php?rest_route=%2Fwp%2Fv2%2Ftags&post=26600"}],"curies":[{"name":"wp","href":"https:\/\/api.w.org\/{rel}","templated":true}]}}