{"id":26597,"date":"2025-03-26T10:43:20","date_gmt":"2025-03-26T07:43:20","guid":{"rendered":"https:\/\/www.egemtv.com\/?p=26597"},"modified":"2025-03-26T10:43:28","modified_gmt":"2025-03-26T07:43:28","slug":"guzelbahce-belediyesi-ciftciye-destegi-surduruyor","status":"publish","type":"post","link":"https:\/\/www.egemtv.com\/?p=26597","title":{"rendered":"G\u00fczelbah\u00e7e Belediyesi \u00e7ift\u00e7iye deste\u011fi s\u00fcrd\u00fcr\u00fcyor"},"content":{"rendered":"<p>G\u00fczelbah\u00e7e Belediyesi, Payaml\u0131, K\u00fc\u00e7\u00fckkaya ve \u00c7aml\u0131 K\u00f6yleri ba\u015fta olmak \u00fczere il\u00e7e genelinde tar\u0131mla u\u011fra\u015fan t\u00fcm \u00e7ift\u00e7ilere tar\u0131msal \u00fcr\u00fcn deste\u011fine devam ediyor.<br \/>\n<br \/>G\u00fczelbah\u00e7e Belediyesi, il\u00e7ede bulunan \u00fc\u00e7 k\u00f6ye sene ba\u015f\u0131nda bin 500 kg. bordo bulamac\u0131 ve 10 ton k\u00fck\u00fcrt da\u011f\u0131t\u0131m\u0131n\u0131n ard\u0131ndan il\u00e7e genelindeki t\u00fcm \u00e7ift\u00e7i ve k\u00f6yl\u00fclere 72 ton g\u00fcbre da\u011f\u0131t\u0131m\u0131 daha ger\u00e7ekle\u015ftirdi.<\/p>\n<p>&#8220;\u00c7ift\u00e7ilerimizin y\u00fcz\u00fc g\u00fcl\u00fcyor; deste\u011fimiz s\u00fcrecek&#8221;<br \/>\n<br \/>K\u00f6yl\u00fcye b\u00fcy\u00fck destek verdiklerini, deste\u011fin s\u00fcrece\u011fini s\u00f6yleyen G\u00fczelbah\u00e7e Belediye Ba\u015fkan\u0131 Mustafa G\u00fcnay, &#8220;\u0130l\u00e7ede tar\u0131mla u\u011fra\u015fan \u00e7ift\u00e7ilere y\u00f6nelik bu deste\u011fin, s\u00fcrd\u00fcr\u00fclebilir tar\u0131m\u0131 te\u015fvik etmek ve yerel \u00fcreticileri desteklemek ad\u0131na b\u00fcy\u00fck \u00f6nem ta\u015f\u0131yor. \u00c7ift\u00e7ilerimiz bizim i\u00e7in \u00e7ok de\u011ferli. Onlar\u0131n \u00fcretime devam edebilmesi i\u00e7in elimizden gelen deste\u011fi sunmaya devam edece\u011fiz. G\u00fczelbah\u00e7e\u2019nin bereketli topraklar\u0131nda \u00fcretimi art\u0131rmak ve \u00e7ift\u00e7ilerimizi ekonomik olarak rahatlatmak ad\u0131na bu g\u00fcbre deste\u011fini hayata ge\u00e7iriyoruz. Ge\u00e7ti\u011fimiz ay bordo bulamac\u0131 ve k\u00fck\u00fcrt da\u011f\u0131tt\u0131k. \u015eimdi de g\u00fcbre deste\u011fine ba\u015flad\u0131k. 72 ton g\u00fcbreyi ekiplerimiz \u00e7ift\u00e7ilerimize, muhtarlar\u0131n da\u011f\u0131t\u0131m\u0131 i\u00e7in muhtarl\u0131klara b\u0131rakt\u0131k. Tar\u0131mla u\u011fra\u015fan herkese deste\u011fimiz devam edecek. Bizim amac\u0131m\u0131z bu y\u0131l \u00e7ift\u00e7ilerin hi\u00e7bir masraf yapmadan \u00fcr\u00fcnlerini sat\u0131p kar etmeleri. \u00c7ift\u00e7i zaten zor durumda bir de zirai ila\u00e7larla g\u00fcbrelerle beli iyice b\u00fck\u00fclmesin bu katk\u0131y\u0131 da biz koyal\u0131m diye d\u00fc\u015f\u00fcnd\u00fck. Bundan sonra da desteklerimiz devam edecek&#8221; diye konu\u015ftu.<br \/><\/p>\n","protected":false},"excerpt":{"rendered":"<p>G\u00fczelbah\u00e7e Belediyesi, Payaml\u0131, K\u00fc\u00e7\u00fckkaya ve \u00c7aml\u0131 K\u00f6yleri ba\u015fta olmak \u00fczere il\u00e7e genelinde tar\u0131mla u\u011fra\u015fan t\u00fcm \u00e7ift\u00e7ilere tar\u0131msal \u00fcr\u00fcn deste\u011fine devam ediyor. G\u00fczelbah\u00e7e Belediyesi, il\u00e7ede bulunan \u00fc\u00e7 k\u00f6ye sene ba\u015f\u0131nda bin 500 kg. bordo bulamac\u0131 ve 10 ton k\u00fck\u00fcrt da\u011f\u0131t\u0131m\u0131n\u0131n ard\u0131ndan il\u00e7e genelindeki t\u00fcm \u00e7ift\u00e7i ve k\u00f6yl\u00fclere 72 ton g\u00fcbre da\u011f\u0131t\u0131m\u0131 daha ger\u00e7ekle\u015ftirdi. &#8220;\u00c7ift\u00e7ilerimizin y\u00fcz\u00fc g\u00fcl\u00fcyor;&#8230;<\/p>\n","protected":false},"author":1,"featured_media":26598,"comment_status":"open","ping_status":"open","sticky":false,"template":"","format":"standard","meta":{"_crdt_document":"","footnotes":""},"categories":[125],"tags":[],"class_list":["post-26597","post","type-post","status-publish","format-standard","has-post-thumbnail","hentry","category-ekonomi"],"_links":{"self":[{"href":"https:\/\/www.egemtv.com\/index.php?rest_route=\/wp\/v2\/posts\/26597","targetHints":{"allow":["GET"]}}],"collection":[{"href":"https:\/\/www.egemtv.com\/index.php?rest_route=\/wp\/v2\/posts"}],"about":[{"href":"https:\/\/www.egemtv.com\/index.php?rest_route=\/wp\/v2\/types\/post"}],"author":[{"embeddable":true,"href":"https:\/\/www.egemtv.com\/index.php?rest_route=\/wp\/v2\/users\/1"}],"replies":[{"embeddable":true,"href":"https:\/\/www.egemtv.com\/index.php?rest_route=%2Fwp%2Fv2%2Fcomments&post=26597"}],"version-history":[{"count":1,"href":"https:\/\/www.egemtv.com\/index.php?rest_route=\/wp\/v2\/posts\/26597\/revisions"}],"predecessor-version":[{"id":26599,"href":"https:\/\/www.egemtv.com\/index.php?rest_route=\/wp\/v2\/posts\/26597\/revisions\/26599"}],"wp:featuredmedia":[{"embeddable":true,"href":"https:\/\/www.egemtv.com\/index.php?rest_route=\/wp\/v2\/media\/26598"}],"wp:attachment":[{"href":"https:\/\/www.egemtv.com\/index.php?rest_route=%2Fwp%2Fv2%2Fmedia&parent=26597"}],"wp:term":[{"taxonomy":"category","embeddable":true,"href":"https:\/\/www.egemtv.com\/index.php?rest_route=%2Fwp%2Fv2%2Fcategories&post=26597"},{"taxonomy":"post_tag","embeddable":true,"href":"https:\/\/www.egemtv.com\/index.php?rest_route=%2Fwp%2Fv2%2Ftags&post=26597"}],"curies":[{"name":"wp","href":"https:\/\/api.w.org\/{rel}","templated":true}]}}