{"id":26594,"date":"2025-03-26T10:26:14","date_gmt":"2025-03-26T07:26:14","guid":{"rendered":"https:\/\/www.egemtv.com\/?p=26594"},"modified":"2025-03-26T10:26:19","modified_gmt":"2025-03-26T07:26:19","slug":"bozdoganda-bayram-oncesi-mezarlik-bakimlari-tamamlandi","status":"publish","type":"post","link":"https:\/\/www.egemtv.com\/?p=26594","title":{"rendered":"Bozdo\u011fan\u2019da bayram \u00f6ncesi mezarl\u0131k bak\u0131mlar\u0131 tamamland\u0131"},"content":{"rendered":"<p>Bozdo\u011fan Belediyesi, Ramazan Bayram\u0131 \u00f6ncesinde mezarl\u0131klarda kapsaml\u0131 bir temizlik ve bak\u0131m \u00e7al\u0131\u015fmas\u0131 ger\u00e7ekle\u015ftirerek vatanda\u015flar\u0131n kabir ziyaretlerini daha rahat ve huzur i\u00e7inde yapabilmesi i\u00e7in t\u00fcm haz\u0131rl\u0131klar\u0131n\u0131 tamamlad\u0131.<\/p>\n<p>Bozdo\u011fan Belediyesi, il\u00e7enin d\u00f6rt bir yan\u0131nda s\u00fcrd\u00fcrd\u00fc\u011f\u00fc \u00e7al\u0131\u015fmalarla hem\u015fehrilerinin daha temiz, d\u00fczenli ve ya\u015fanabilir bir \u00e7evrede bayrama kavu\u015fmas\u0131n\u0131 sa\u011flamaya devam ediyor. Belediye ekipleri, bayram\u0131n manevi atmosferine yak\u0131\u015f\u0131r bir \u00e7al\u0131\u015fma y\u00fcr\u00fcterek mezarl\u0131klar\u0131 p\u0131r\u0131l p\u0131r\u0131l hale getirdi. Yap\u0131lan \u00e7al\u0131\u015fmalar kapsam\u0131nda mezarl\u0131k alanlar\u0131ndaki yabani otlar temizlendi, zararl\u0131 ha\u015ferelere kar\u015f\u0131 ila\u00e7lama yap\u0131ld\u0131 ve hijyenin sa\u011flanmas\u0131 amac\u0131yla kire\u00e7leme i\u015flemi ger\u00e7ekle\u015ftirildi. Mezarl\u0131k i\u00e7indeki yollarda da d\u00fczenlemeler yap\u0131l\u0131rken, belediyenin y\u00fcr\u00fctt\u00fc\u011f\u00fc \u00e7al\u0131\u015fmalar hem \u00e7evre d\u00fczenlemesi hem de vatanda\u015flar\u0131n kabir ziyaretlerini daha huzurlu bir ortamda ger\u00e7ekle\u015ftirmesi a\u00e7\u0131s\u0131ndan vatanda\u015flardan be\u011feni toplad\u0131.<\/p>\n<p>Bozdo\u011fan Belediye Ba\u015fkan\u0131 Mustafa Galip \u00d6zel bayram \u00f6ncesinde ger\u00e7ekle\u015ftirilen bu \u00e7al\u0131\u015fmalarla ilgili yapt\u0131\u011f\u0131 a\u00e7\u0131klamada, &#8220;Bayramlar, sevdiklerimizi anmak ve manevi de\u011ferlerimizi ya\u015fatmak i\u00e7in \u00f6nemli g\u00fcnlerdir. Mezarl\u0131klar\u0131m\u0131z\u0131n temiz ve d\u00fczenli olmas\u0131, ge\u00e7mi\u015fimize duydu\u011fumuz sayg\u0131n\u0131n bir g\u00f6stergesidir. Belediye olarak vatanda\u015flar\u0131m\u0131z\u0131n bayramda g\u00f6n\u00fcl rahatl\u0131\u011f\u0131yla kabir ziyaretlerini yapabilmesi i\u00e7in t\u00fcm imkanlar\u0131m\u0131z\u0131 seferber ettik. \u0130l\u00e7emizin her k\u00f6\u015fesinde hizmet \u00fcretmeye ve Bozdo\u011fan\u2019\u0131 daha g\u00fczel hale getirmeye devam edece\u011fiz&#8221; dedi.<br \/><\/p>\n","protected":false},"excerpt":{"rendered":"<p>Bozdo\u011fan Belediyesi, Ramazan Bayram\u0131 \u00f6ncesinde mezarl\u0131klarda kapsaml\u0131 bir temizlik ve bak\u0131m \u00e7al\u0131\u015fmas\u0131 ger\u00e7ekle\u015ftirerek vatanda\u015flar\u0131n kabir ziyaretlerini daha rahat ve huzur i\u00e7inde yapabilmesi i\u00e7in t\u00fcm haz\u0131rl\u0131klar\u0131n\u0131 tamamlad\u0131. Bozdo\u011fan Belediyesi, il\u00e7enin d\u00f6rt bir yan\u0131nda s\u00fcrd\u00fcrd\u00fc\u011f\u00fc \u00e7al\u0131\u015fmalarla hem\u015fehrilerinin daha temiz, d\u00fczenli ve ya\u015fanabilir bir \u00e7evrede bayrama kavu\u015fmas\u0131n\u0131 sa\u011flamaya devam ediyor. Belediye ekipleri, bayram\u0131n manevi atmosferine yak\u0131\u015f\u0131r bir \u00e7al\u0131\u015fma&#8230;<\/p>\n","protected":false},"author":1,"featured_media":26595,"comment_status":"open","ping_status":"open","sticky":false,"template":"","format":"standard","meta":{"_crdt_document":"","footnotes":""},"categories":[1],"tags":[],"class_list":["post-26594","post","type-post","status-publish","format-standard","has-post-thumbnail","hentry","category-guncel"],"_links":{"self":[{"href":"https:\/\/www.egemtv.com\/index.php?rest_route=\/wp\/v2\/posts\/26594","targetHints":{"allow":["GET"]}}],"collection":[{"href":"https:\/\/www.egemtv.com\/index.php?rest_route=\/wp\/v2\/posts"}],"about":[{"href":"https:\/\/www.egemtv.com\/index.php?rest_route=\/wp\/v2\/types\/post"}],"author":[{"embeddable":true,"href":"https:\/\/www.egemtv.com\/index.php?rest_route=\/wp\/v2\/users\/1"}],"replies":[{"embeddable":true,"href":"https:\/\/www.egemtv.com\/index.php?rest_route=%2Fwp%2Fv2%2Fcomments&post=26594"}],"version-history":[{"count":1,"href":"https:\/\/www.egemtv.com\/index.php?rest_route=\/wp\/v2\/posts\/26594\/revisions"}],"predecessor-version":[{"id":26596,"href":"https:\/\/www.egemtv.com\/index.php?rest_route=\/wp\/v2\/posts\/26594\/revisions\/26596"}],"wp:featuredmedia":[{"embeddable":true,"href":"https:\/\/www.egemtv.com\/index.php?rest_route=\/wp\/v2\/media\/26595"}],"wp:attachment":[{"href":"https:\/\/www.egemtv.com\/index.php?rest_route=%2Fwp%2Fv2%2Fmedia&parent=26594"}],"wp:term":[{"taxonomy":"category","embeddable":true,"href":"https:\/\/www.egemtv.com\/index.php?rest_route=%2Fwp%2Fv2%2Fcategories&post=26594"},{"taxonomy":"post_tag","embeddable":true,"href":"https:\/\/www.egemtv.com\/index.php?rest_route=%2Fwp%2Fv2%2Ftags&post=26594"}],"curies":[{"name":"wp","href":"https:\/\/api.w.org\/{rel}","templated":true}]}}