{"id":26591,"date":"2025-03-26T10:26:08","date_gmt":"2025-03-26T07:26:08","guid":{"rendered":"https:\/\/www.egemtv.com\/?p=26591"},"modified":"2025-03-26T10:26:14","modified_gmt":"2025-03-26T07:26:14","slug":"sahur-vakti-arabasi-calindi-hirsiz-akrabasi-cikti","status":"publish","type":"post","link":"https:\/\/www.egemtv.com\/?p=26591","title":{"rendered":"Sahur vakti arabas\u0131 \u00e7al\u0131nd\u0131, h\u0131rs\u0131z akrabas\u0131 \u00e7\u0131kt\u0131"},"content":{"rendered":"<p>\u0130zmir\u2019de akrabas\u0131n\u0131n iki arac\u0131n\u0131 didik didik kurcalayan \u015fah\u0131s, buldu\u011fu anahtarla kamyoneti \u00e7al\u0131p kay\u0131plara kar\u0131\u015ft\u0131. Ara\u00e7la bir\u00e7ok kazaya kar\u0131\u015f\u0131p hasar veren h\u0131rs\u0131z polis \u00e7evirmesinde yakaland\u0131. Ara\u00e7 sahibi Enver Erdem, &#8220;Mart ay\u0131nda sat\u0131n ald\u0131\u011f\u0131m kamyonetim, daha hayr\u0131n\u0131 g\u00f6rmeden, \u00f6demesini bile bitirmeden \u00e7al\u0131nd\u0131. Her taraf\u0131na hasar vermi\u015f. Kimse tan\u0131d\u0131\u011f\u0131na, akrabas\u0131na bunu yapmaz&#8221; dedi.<br \/>\n<br \/>Olay, 24 Mart g\u00fcn\u00fc sabaha do\u011fru saat 03.30 s\u0131ralar\u0131nda Konak il\u00e7esi Ferahl\u0131 Mahallesi 3467 sokakta meydana geldi. Edinilen bilgiye g\u00f6re, Enver Erdem (50) iki arac\u0131n\u0131 da kap\u0131s\u0131n\u0131n \u00f6n\u00fcne park halinde b\u0131rakarak evine gitti. Kendisiyle ayn\u0131 sokakta oturan A.G. isimli akrabas\u0131 ise gecenin ilerleyen saatlerinde ilk \u00f6nce otomobilin kap\u0131s\u0131n\u0131 hafif a\u00e7\u0131k olan camdan zorlay\u0131p a\u00e7t\u0131. Arac\u0131n i\u00e7ini yoklayan h\u0131rs\u0131z, kamyonete ait anahtar\u0131 buldu. Enver Erdem\u2019in di\u011fer arac\u0131na y\u00f6nelen h\u0131rs\u0131z, araban\u0131n kap\u0131lar\u0131n\u0131 anahtarla a\u00e7\u0131p i\u00e7erisini didik didik kurcalad\u0131ktan sonra kamyoneti \u00e7al\u0131p kay\u0131plara kar\u0131\u015ft\u0131. Sahura uyanan adam arabas\u0131n\u0131 kap\u0131n\u0131n \u00f6n\u00fcnde g\u00f6remeyince durumu emniyet g\u00fc\u00e7lerine bildirdi. \u00c7al\u0131nan arac\u0131n bulunmas\u0131 i\u00e7in \u00e7al\u0131\u015fma ba\u015flatan polis ekipleri kontrol noktas\u0131nda \u00e7al\u0131nt\u0131 arac\u0131 \u00e7evirip i\u00e7indeki A.G.\u2019yi g\u00f6zalt\u0131na ald\u0131.<\/p>\n<p>&#8220;Uyu\u015fturucu ba\u011f\u0131ml\u0131s\u0131, m\u00fcebbet alsa da kurtulsam&#8221;<br \/>\n<br \/>Akrabas\u0131 taraf\u0131ndan \u00e7al\u0131nan arac\u0131na kavu\u015fan Enver Erdem, &#8220;Durumu fark etti\u011fimizde emniyete bildirdik. Gelen polislerle birlikte kamera kay\u0131tlar\u0131n\u0131 izledi\u011fimizde h\u0131rs\u0131z\u0131 direkt tan\u0131d\u0131m. Kendisi kar\u015f\u0131 kom\u015fum ayn\u0131 zamanda akrabam. Saat 02.15 s\u0131ralar\u0131nda birisi gelip kamyonetimin kap\u0131lar\u0131n\u0131 a\u00e7\u0131p i\u00e7erisini didik didik ar\u0131yor ama bir \u015fey bulam\u0131yor. Tekrar 03.25 geri gelip kamyoneti \u00e7al\u0131\u015ft\u0131r\u0131p ka\u00e7\u0131r\u0131yor. Yeni ald\u0131\u011f\u0131m arabam\u0131 \u00e7alarak a\u011fa\u00e7lara, duvarlara vurarak hasar vermi\u015f. Babas\u0131n\u0131 arad\u0131m durumu anlatt\u0131m bana \u2019o\u011flum uyu\u015fturucu ba\u011f\u0131ml\u0131s\u0131, ke\u015fke m\u00fcebbet alsa da kurtulsam\u2019 dedi. Daha arabam\u0131n hayr\u0131n\u0131 g\u00f6rmeden, \u00f6demesini bile bitirmeden \u00e7al\u0131nd\u0131. Her taraf\u0131na hasar vermi\u015f. Kimse tan\u0131d\u0131\u011f\u0131na, akrabas\u0131na bunu yapmaz. Biz \u015fikayet\u00e7i olduk umar\u0131m hak etti\u011fi cezay\u0131 al\u0131r&#8221; ifadelerini kulland\u0131.<br \/>\n<br \/>\u00d6te yandan, g\u00f6zalt\u0131na al\u0131nan \u015f\u00fcpheli A.G.\u2019nin emniyetteki i\u015flemlerinin s\u00fcrd\u00fc\u011f\u00fc \u00f6\u011frenildi.<br \/><\/p>\n","protected":false},"excerpt":{"rendered":"<p>\u0130zmir\u2019de akrabas\u0131n\u0131n iki arac\u0131n\u0131 didik didik kurcalayan \u015fah\u0131s, buldu\u011fu anahtarla kamyoneti \u00e7al\u0131p kay\u0131plara kar\u0131\u015ft\u0131. Ara\u00e7la bir\u00e7ok kazaya kar\u0131\u015f\u0131p hasar veren h\u0131rs\u0131z polis \u00e7evirmesinde yakaland\u0131. Ara\u00e7 sahibi Enver Erdem, &#8220;Mart ay\u0131nda sat\u0131n ald\u0131\u011f\u0131m kamyonetim, daha hayr\u0131n\u0131 g\u00f6rmeden, \u00f6demesini bile bitirmeden \u00e7al\u0131nd\u0131. Her taraf\u0131na hasar vermi\u015f. Kimse tan\u0131d\u0131\u011f\u0131na, akrabas\u0131na bunu yapmaz&#8221; dedi. Olay, 24 Mart g\u00fcn\u00fc sabaha&#8230;<\/p>\n","protected":false},"author":1,"featured_media":26592,"comment_status":"open","ping_status":"open","sticky":false,"template":"","format":"standard","meta":{"_crdt_document":"","footnotes":""},"categories":[5],"tags":[],"class_list":["post-26591","post","type-post","status-publish","format-standard","has-post-thumbnail","hentry","category-asayis"],"_links":{"self":[{"href":"https:\/\/www.egemtv.com\/index.php?rest_route=\/wp\/v2\/posts\/26591","targetHints":{"allow":["GET"]}}],"collection":[{"href":"https:\/\/www.egemtv.com\/index.php?rest_route=\/wp\/v2\/posts"}],"about":[{"href":"https:\/\/www.egemtv.com\/index.php?rest_route=\/wp\/v2\/types\/post"}],"author":[{"embeddable":true,"href":"https:\/\/www.egemtv.com\/index.php?rest_route=\/wp\/v2\/users\/1"}],"replies":[{"embeddable":true,"href":"https:\/\/www.egemtv.com\/index.php?rest_route=%2Fwp%2Fv2%2Fcomments&post=26591"}],"version-history":[{"count":1,"href":"https:\/\/www.egemtv.com\/index.php?rest_route=\/wp\/v2\/posts\/26591\/revisions"}],"predecessor-version":[{"id":26593,"href":"https:\/\/www.egemtv.com\/index.php?rest_route=\/wp\/v2\/posts\/26591\/revisions\/26593"}],"wp:featuredmedia":[{"embeddable":true,"href":"https:\/\/www.egemtv.com\/index.php?rest_route=\/wp\/v2\/media\/26592"}],"wp:attachment":[{"href":"https:\/\/www.egemtv.com\/index.php?rest_route=%2Fwp%2Fv2%2Fmedia&parent=26591"}],"wp:term":[{"taxonomy":"category","embeddable":true,"href":"https:\/\/www.egemtv.com\/index.php?rest_route=%2Fwp%2Fv2%2Fcategories&post=26591"},{"taxonomy":"post_tag","embeddable":true,"href":"https:\/\/www.egemtv.com\/index.php?rest_route=%2Fwp%2Fv2%2Ftags&post=26591"}],"curies":[{"name":"wp","href":"https:\/\/api.w.org\/{rel}","templated":true}]}}