{"id":26588,"date":"2025-03-26T10:05:22","date_gmt":"2025-03-26T07:05:22","guid":{"rendered":"https:\/\/www.egemtv.com\/?p=26588"},"modified":"2025-03-26T10:05:23","modified_gmt":"2025-03-26T07:05:23","slug":"muglaspor-futbolcularindan-ornek-davranis","status":"publish","type":"post","link":"https:\/\/www.egemtv.com\/?p=26588","title":{"rendered":"Mu\u011flaspor futbolcular\u0131ndan \u00f6rnek davran\u0131\u015f"},"content":{"rendered":"<p>Mu\u011flaspor futbolcular\u0131, anlaml\u0131 bir sosyal sorumluluk projesine imza atarak, ihtiya\u00e7 sahipleri i\u00e7in tekerlekli sandalye ba\u011f\u0131\u015f\u0131nda bulundu. Futbolcular, primlerinden ay\u0131rd\u0131klar\u0131 paralarla temin ettikleri tekerlekli sandalyeleri, tak\u0131m kaptan\u0131 Sava\u015f Y\u0131lmaz arac\u0131l\u0131\u011f\u0131yla Mente\u015fe Kaymakam\u0131 Mehmet Eri\u015f\u2019e teslim etti.<\/p>\n<p>Tekerlekli sandalyelerin teslimi s\u0131ras\u0131nda, Mu\u011flaspor Y\u00f6netim Kurulu \u00dcyesi A\u015fk\u0131n Fahri Gezici ve Kul\u00fcp M\u00fcd\u00fcr\u00fc Adem Korkmaz da haz\u0131r bulundu. Tak\u0131m kaptan\u0131 Sava\u015f Y\u0131lmaz, sporun sadece saha i\u00e7indeki ba\u015far\u0131larla de\u011fil, toplum yarar\u0131na yap\u0131lan sosyal projelerle de anlam kazand\u0131\u011f\u0131n\u0131 belirterek, &#8220;Bu destek, bizim i\u00e7in bir g\u00f6rev. Engelli bireylerin hayat\u0131n\u0131 bir nebze de olsa kolayla\u015ft\u0131rabiliyorsak ne mutlu bize&#8221; ifadelerini kulland\u0131.<\/p>\n<p>Mente\u015fe Kaymakam\u0131 Mehmet Eri\u015f, Mu\u011flasporlu futbolcular\u0131n bu duyarl\u0131 davran\u0131\u015f\u0131ndan dolay\u0131 te\u015fekk\u00fcr ederek, ba\u011f\u0131\u015flanan tekerlekli sandalyelerin en k\u0131sa s\u00fcrede ihtiya\u00e7 sahiplerine ula\u015ft\u0131r\u0131laca\u011f\u0131n\u0131 ifade etti.<br \/><\/p>\n","protected":false},"excerpt":{"rendered":"<p>Mu\u011flaspor futbolcular\u0131, anlaml\u0131 bir sosyal sorumluluk projesine imza atarak, ihtiya\u00e7 sahipleri i\u00e7in tekerlekli sandalye ba\u011f\u0131\u015f\u0131nda bulundu. Futbolcular, primlerinden ay\u0131rd\u0131klar\u0131 paralarla temin ettikleri tekerlekli sandalyeleri, tak\u0131m kaptan\u0131 Sava\u015f Y\u0131lmaz arac\u0131l\u0131\u011f\u0131yla Mente\u015fe Kaymakam\u0131 Mehmet Eri\u015f\u2019e teslim etti. Tekerlekli sandalyelerin teslimi s\u0131ras\u0131nda, Mu\u011flaspor Y\u00f6netim Kurulu \u00dcyesi A\u015fk\u0131n Fahri Gezici ve Kul\u00fcp M\u00fcd\u00fcr\u00fc Adem Korkmaz da haz\u0131r bulundu. Tak\u0131m&#8230;<\/p>\n","protected":false},"author":1,"featured_media":26589,"comment_status":"open","ping_status":"open","sticky":false,"template":"","format":"standard","meta":{"_crdt_document":"","footnotes":""},"categories":[1],"tags":[],"class_list":["post-26588","post","type-post","status-publish","format-standard","has-post-thumbnail","hentry","category-guncel"],"_links":{"self":[{"href":"https:\/\/www.egemtv.com\/index.php?rest_route=\/wp\/v2\/posts\/26588","targetHints":{"allow":["GET"]}}],"collection":[{"href":"https:\/\/www.egemtv.com\/index.php?rest_route=\/wp\/v2\/posts"}],"about":[{"href":"https:\/\/www.egemtv.com\/index.php?rest_route=\/wp\/v2\/types\/post"}],"author":[{"embeddable":true,"href":"https:\/\/www.egemtv.com\/index.php?rest_route=\/wp\/v2\/users\/1"}],"replies":[{"embeddable":true,"href":"https:\/\/www.egemtv.com\/index.php?rest_route=%2Fwp%2Fv2%2Fcomments&post=26588"}],"version-history":[{"count":1,"href":"https:\/\/www.egemtv.com\/index.php?rest_route=\/wp\/v2\/posts\/26588\/revisions"}],"predecessor-version":[{"id":26590,"href":"https:\/\/www.egemtv.com\/index.php?rest_route=\/wp\/v2\/posts\/26588\/revisions\/26590"}],"wp:featuredmedia":[{"embeddable":true,"href":"https:\/\/www.egemtv.com\/index.php?rest_route=\/wp\/v2\/media\/26589"}],"wp:attachment":[{"href":"https:\/\/www.egemtv.com\/index.php?rest_route=%2Fwp%2Fv2%2Fmedia&parent=26588"}],"wp:term":[{"taxonomy":"category","embeddable":true,"href":"https:\/\/www.egemtv.com\/index.php?rest_route=%2Fwp%2Fv2%2Fcategories&post=26588"},{"taxonomy":"post_tag","embeddable":true,"href":"https:\/\/www.egemtv.com\/index.php?rest_route=%2Fwp%2Fv2%2Ftags&post=26588"}],"curies":[{"name":"wp","href":"https:\/\/api.w.org\/{rel}","templated":true}]}}