{"id":26585,"date":"2025-03-26T10:05:17","date_gmt":"2025-03-26T07:05:17","guid":{"rendered":"https:\/\/www.egemtv.com\/?p=26585"},"modified":"2025-03-26T10:05:22","modified_gmt":"2025-03-26T07:05:22","slug":"milli-egitim-bakanligindan-baskan-gulsen-koycegizde-incelemelerde-bulundu","status":"publish","type":"post","link":"https:\/\/www.egemtv.com\/?p=26585","title":{"rendered":"Milli E\u011fitim Bakanl\u0131\u011f\u0131\u2019ndan Ba\u015fkan G\u00fcl\u015fen, K\u00f6yce\u011fiz\u2019de incelemelerde bulundu"},"content":{"rendered":"<p>Mu\u011fla\u2019n\u0131n K\u00f6yce\u011fiz il\u00e7esi Y\u00fcksekkum Turizm Mesleki ve Teknik Anadolu Lisesi\u2019nde Milli E\u011fitim Bakanl\u0131\u011f\u0131 taraf\u0131ndan incelemelerde bulunuldu.<\/p>\n<p>Mesleki ve Teknik E\u011fitim Genel M\u00fcd\u00fcrl\u00fc\u011f\u00fc \u0130dari ve Mali \u0130\u015fler Daire Ba\u015fkan\u0131 Murat G\u00fcl\u015fen, Y\u00fcksekkum Turizm Mesleki ve Teknik Anadolu Lisesi\u2019ni ziyaret etti. K\u00f6yce\u011fiz \u0130l\u00e7e Milli E\u011fitim M\u00fcd\u00fcr\u00fc Kerem Karahan\u2019\u0131n e\u015flik etti\u011fi ziyarette okulun fiziki yap\u0131s\u0131, e\u011fitim ortamlar\u0131 ve \u00f6\u011frencilerin geli\u015fimini destekleyen at\u00f6lyeleri ve yemekhane yerinde incelendi. Ba\u015fkan G\u00fcl\u015fen, \u00f6\u011frencilerle s\u0131n\u0131flar\u0131nda bir araya gelerek bir s\u00fcre sohbet etti. Okul idaresi ve \u00f6\u011fretmenler ile 9. s\u0131n\u0131flarda uygulanan T\u00fcrkiye Y\u00fczy\u0131l\u0131 Maarif Modeli, yay\u0131nlanan Mesleki ve Teknik E\u011fitim Politika Belgesi, Zanaat Okullar\u0131 ve y\u00fcr\u00fct\u00fclen e\u011fitim faaliyetleri hakk\u0131nda bilgi ald\u0131.<br \/><\/p>\n","protected":false},"excerpt":{"rendered":"<p>Mu\u011fla\u2019n\u0131n K\u00f6yce\u011fiz il\u00e7esi Y\u00fcksekkum Turizm Mesleki ve Teknik Anadolu Lisesi\u2019nde Milli E\u011fitim Bakanl\u0131\u011f\u0131 taraf\u0131ndan incelemelerde bulunuldu. Mesleki ve Teknik E\u011fitim Genel M\u00fcd\u00fcrl\u00fc\u011f\u00fc \u0130dari ve Mali \u0130\u015fler Daire Ba\u015fkan\u0131 Murat G\u00fcl\u015fen, Y\u00fcksekkum Turizm Mesleki ve Teknik Anadolu Lisesi\u2019ni ziyaret etti. K\u00f6yce\u011fiz \u0130l\u00e7e Milli E\u011fitim M\u00fcd\u00fcr\u00fc Kerem Karahan\u2019\u0131n e\u015flik etti\u011fi ziyarette okulun fiziki yap\u0131s\u0131, e\u011fitim ortamlar\u0131 ve&#8230;<\/p>\n","protected":false},"author":1,"featured_media":26586,"comment_status":"open","ping_status":"open","sticky":false,"template":"","format":"standard","meta":{"_crdt_document":"","footnotes":""},"categories":[1],"tags":[],"class_list":["post-26585","post","type-post","status-publish","format-standard","has-post-thumbnail","hentry","category-guncel"],"_links":{"self":[{"href":"https:\/\/www.egemtv.com\/index.php?rest_route=\/wp\/v2\/posts\/26585","targetHints":{"allow":["GET"]}}],"collection":[{"href":"https:\/\/www.egemtv.com\/index.php?rest_route=\/wp\/v2\/posts"}],"about":[{"href":"https:\/\/www.egemtv.com\/index.php?rest_route=\/wp\/v2\/types\/post"}],"author":[{"embeddable":true,"href":"https:\/\/www.egemtv.com\/index.php?rest_route=\/wp\/v2\/users\/1"}],"replies":[{"embeddable":true,"href":"https:\/\/www.egemtv.com\/index.php?rest_route=%2Fwp%2Fv2%2Fcomments&post=26585"}],"version-history":[{"count":1,"href":"https:\/\/www.egemtv.com\/index.php?rest_route=\/wp\/v2\/posts\/26585\/revisions"}],"predecessor-version":[{"id":26587,"href":"https:\/\/www.egemtv.com\/index.php?rest_route=\/wp\/v2\/posts\/26585\/revisions\/26587"}],"wp:featuredmedia":[{"embeddable":true,"href":"https:\/\/www.egemtv.com\/index.php?rest_route=\/wp\/v2\/media\/26586"}],"wp:attachment":[{"href":"https:\/\/www.egemtv.com\/index.php?rest_route=%2Fwp%2Fv2%2Fmedia&parent=26585"}],"wp:term":[{"taxonomy":"category","embeddable":true,"href":"https:\/\/www.egemtv.com\/index.php?rest_route=%2Fwp%2Fv2%2Fcategories&post=26585"},{"taxonomy":"post_tag","embeddable":true,"href":"https:\/\/www.egemtv.com\/index.php?rest_route=%2Fwp%2Fv2%2Ftags&post=26585"}],"curies":[{"name":"wp","href":"https:\/\/api.w.org\/{rel}","templated":true}]}}