{"id":26582,"date":"2025-03-26T10:05:12","date_gmt":"2025-03-26T07:05:12","guid":{"rendered":"https:\/\/www.egemtv.com\/?p=26582"},"modified":"2025-03-26T10:05:17","modified_gmt":"2025-03-26T07:05:17","slug":"kaymakam-guldogan-kuran-kursu-ogrencileriyle-iftar-yapti","status":"publish","type":"post","link":"https:\/\/www.egemtv.com\/?p=26582","title":{"rendered":"Kaymakam G\u00fcldo\u011fan, Kur\u2019an Kursu \u00f6\u011frencileriyle iftar yapt\u0131"},"content":{"rendered":"<p>Manisa\u2019n\u0131n Salihli il\u00e7e Kaymakam\u0131 Ali G\u00fcldo\u011fan, Ramazan Ay\u0131 dolay\u0131s\u0131yla Kur\u2019an Kursu \u00f6\u011frencileriyle iftar yapt\u0131.<br \/>\n<br \/>Salihli \u0130l\u00e7e M\u00fcft\u00fcl\u00fc\u011f\u00fc taraf\u0131ndan d\u00fczenlenen iftar program\u0131na Kaymakam Ali G\u00fcldo\u011fan ve \u0130l\u00e7e M\u00fcft\u00fcs\u00fc Ali \u00c7ebi kat\u0131ld\u0131.<br \/>\n<br \/>\u00d6\u011frencilerin Ramazan aylar\u0131n\u0131 tebrik eden Kaymakam G\u00fcldo\u011fan, &#8220;\u00c7ocuklar\u0131m\u0131z\u0131 yeti\u015ftirirken, onlara nasihat ederken de iyi insanlar\u0131, temel de\u011ferleri nedir onunla donanmalar\u0131 i\u00e7in her t\u00fcrl\u00fc gayreti sarf ediyoruz. \u0130n\u015fallah burada da ahlaki ve dini de\u011ferleri y\u00fcksek \u00e7ocuklar\u0131m\u0131z yeti\u015fecektir&#8221; dedi.<br \/>\n<br \/>\u0130ftar program\u0131 yap\u0131lan dua ile son buldu.<br \/><\/p>\n","protected":false},"excerpt":{"rendered":"<p>Manisa\u2019n\u0131n Salihli il\u00e7e Kaymakam\u0131 Ali G\u00fcldo\u011fan, Ramazan Ay\u0131 dolay\u0131s\u0131yla Kur\u2019an Kursu \u00f6\u011frencileriyle iftar yapt\u0131. Salihli \u0130l\u00e7e M\u00fcft\u00fcl\u00fc\u011f\u00fc taraf\u0131ndan d\u00fczenlenen iftar program\u0131na Kaymakam Ali G\u00fcldo\u011fan ve \u0130l\u00e7e M\u00fcft\u00fcs\u00fc Ali \u00c7ebi kat\u0131ld\u0131. \u00d6\u011frencilerin Ramazan aylar\u0131n\u0131 tebrik eden Kaymakam G\u00fcldo\u011fan, &#8220;\u00c7ocuklar\u0131m\u0131z\u0131 yeti\u015ftirirken, onlara nasihat ederken de iyi insanlar\u0131, temel de\u011ferleri nedir onunla donanmalar\u0131 i\u00e7in her t\u00fcrl\u00fc gayreti sarf&#8230;<\/p>\n","protected":false},"author":1,"featured_media":26583,"comment_status":"open","ping_status":"open","sticky":false,"template":"","format":"standard","meta":{"_crdt_document":"","footnotes":""},"categories":[1],"tags":[],"class_list":["post-26582","post","type-post","status-publish","format-standard","has-post-thumbnail","hentry","category-guncel"],"_links":{"self":[{"href":"https:\/\/www.egemtv.com\/index.php?rest_route=\/wp\/v2\/posts\/26582","targetHints":{"allow":["GET"]}}],"collection":[{"href":"https:\/\/www.egemtv.com\/index.php?rest_route=\/wp\/v2\/posts"}],"about":[{"href":"https:\/\/www.egemtv.com\/index.php?rest_route=\/wp\/v2\/types\/post"}],"author":[{"embeddable":true,"href":"https:\/\/www.egemtv.com\/index.php?rest_route=\/wp\/v2\/users\/1"}],"replies":[{"embeddable":true,"href":"https:\/\/www.egemtv.com\/index.php?rest_route=%2Fwp%2Fv2%2Fcomments&post=26582"}],"version-history":[{"count":1,"href":"https:\/\/www.egemtv.com\/index.php?rest_route=\/wp\/v2\/posts\/26582\/revisions"}],"predecessor-version":[{"id":26584,"href":"https:\/\/www.egemtv.com\/index.php?rest_route=\/wp\/v2\/posts\/26582\/revisions\/26584"}],"wp:featuredmedia":[{"embeddable":true,"href":"https:\/\/www.egemtv.com\/index.php?rest_route=\/wp\/v2\/media\/26583"}],"wp:attachment":[{"href":"https:\/\/www.egemtv.com\/index.php?rest_route=%2Fwp%2Fv2%2Fmedia&parent=26582"}],"wp:term":[{"taxonomy":"category","embeddable":true,"href":"https:\/\/www.egemtv.com\/index.php?rest_route=%2Fwp%2Fv2%2Fcategories&post=26582"},{"taxonomy":"post_tag","embeddable":true,"href":"https:\/\/www.egemtv.com\/index.php?rest_route=%2Fwp%2Fv2%2Ftags&post=26582"}],"curies":[{"name":"wp","href":"https:\/\/api.w.org\/{rel}","templated":true}]}}