{"id":26573,"date":"2025-03-26T10:05:00","date_gmt":"2025-03-26T07:05:00","guid":{"rendered":"https:\/\/www.egemtv.com\/?p=26573"},"modified":"2025-03-26T10:05:02","modified_gmt":"2025-03-26T07:05:02","slug":"muglada-il-spor-guvenligi-toplantisi-gerceklestirildi","status":"publish","type":"post","link":"https:\/\/www.egemtv.com\/?p=26573","title":{"rendered":"Mu\u011fla\u2019da il spor g\u00fcvenli\u011fi toplant\u0131s\u0131 ger\u00e7ekle\u015ftirildi"},"content":{"rendered":"<p>Mu\u011fla \u0130l Spor G\u00fcvenli\u011fi Toplant\u0131s\u0131, Mu\u011fla Valisi Dr. \u0130dris Akb\u0131y\u0131k ba\u015fkanl\u0131\u011f\u0131nda ger\u00e7ekle\u015ftirildi. Toplant\u0131da, Spor G\u00fcvenli\u011fi \u015eube M\u00fcd\u00fcr\u00fc Samet Seyhan taraf\u0131ndan g\u00fcndeme ili\u015fkin bir sunum yap\u0131ld\u0131.<\/p>\n<p>Toplant\u0131da, Nisan ay\u0131nda ger\u00e7ekle\u015fecek spor m\u00fcsabakalar\u0131na y\u00f6nelik al\u0131nacak g\u00fcvenlik \u00f6nlemleri detayl\u0131 \u015fekilde ele al\u0131nd\u0131. Ma\u00e7 g\u00fcnlerinde olu\u015fabilecek yo\u011funluk nedeniyle ula\u015f\u0131m, trafik d\u00fczenlemeleri ve stadyum \u00e7evresinin g\u00fcvenli\u011fi gibi konular \u00fczerinde duruldu. Yetkililer, m\u00fcsabakalar\u0131n \u00f6ncesi, esnas\u0131 ve sonras\u0131nda al\u0131nacak g\u00fcvenlik tedbirlerini isti\u015fare ederek, spor organizasyonlar\u0131n\u0131n huzur ve g\u00fcven i\u00e7inde ger\u00e7ekle\u015fmesi i\u00e7in gerekli t\u00fcm \u00e7al\u0131\u015fmalar\u0131n titizlikle y\u00fcr\u00fct\u00fclece\u011fini belirtti. Mu\u011fla Valili\u011fi, spor etkinliklerinin g\u00fcvenli ve d\u00fczenli bir \u015fekilde ger\u00e7ekle\u015ftirilmesi i\u00e7in ilgili kurumlarla koordinasyon i\u00e7inde \u00e7al\u0131\u015fmaya devam edeceklerini ifade etti.<br \/><\/p>\n","protected":false},"excerpt":{"rendered":"<p>Mu\u011fla \u0130l Spor G\u00fcvenli\u011fi Toplant\u0131s\u0131, Mu\u011fla Valisi Dr. \u0130dris Akb\u0131y\u0131k ba\u015fkanl\u0131\u011f\u0131nda ger\u00e7ekle\u015ftirildi. Toplant\u0131da, Spor G\u00fcvenli\u011fi \u015eube M\u00fcd\u00fcr\u00fc Samet Seyhan taraf\u0131ndan g\u00fcndeme ili\u015fkin bir sunum yap\u0131ld\u0131. Toplant\u0131da, Nisan ay\u0131nda ger\u00e7ekle\u015fecek spor m\u00fcsabakalar\u0131na y\u00f6nelik al\u0131nacak g\u00fcvenlik \u00f6nlemleri detayl\u0131 \u015fekilde ele al\u0131nd\u0131. Ma\u00e7 g\u00fcnlerinde olu\u015fabilecek yo\u011funluk nedeniyle ula\u015f\u0131m, trafik d\u00fczenlemeleri ve stadyum \u00e7evresinin g\u00fcvenli\u011fi gibi konular \u00fczerinde duruldu&#8230;.<\/p>\n","protected":false},"author":1,"featured_media":26574,"comment_status":"open","ping_status":"open","sticky":false,"template":"","format":"standard","meta":{"_crdt_document":"","footnotes":""},"categories":[1],"tags":[],"class_list":["post-26573","post","type-post","status-publish","format-standard","has-post-thumbnail","hentry","category-guncel"],"_links":{"self":[{"href":"https:\/\/www.egemtv.com\/index.php?rest_route=\/wp\/v2\/posts\/26573","targetHints":{"allow":["GET"]}}],"collection":[{"href":"https:\/\/www.egemtv.com\/index.php?rest_route=\/wp\/v2\/posts"}],"about":[{"href":"https:\/\/www.egemtv.com\/index.php?rest_route=\/wp\/v2\/types\/post"}],"author":[{"embeddable":true,"href":"https:\/\/www.egemtv.com\/index.php?rest_route=\/wp\/v2\/users\/1"}],"replies":[{"embeddable":true,"href":"https:\/\/www.egemtv.com\/index.php?rest_route=%2Fwp%2Fv2%2Fcomments&post=26573"}],"version-history":[{"count":1,"href":"https:\/\/www.egemtv.com\/index.php?rest_route=\/wp\/v2\/posts\/26573\/revisions"}],"predecessor-version":[{"id":26575,"href":"https:\/\/www.egemtv.com\/index.php?rest_route=\/wp\/v2\/posts\/26573\/revisions\/26575"}],"wp:featuredmedia":[{"embeddable":true,"href":"https:\/\/www.egemtv.com\/index.php?rest_route=\/wp\/v2\/media\/26574"}],"wp:attachment":[{"href":"https:\/\/www.egemtv.com\/index.php?rest_route=%2Fwp%2Fv2%2Fmedia&parent=26573"}],"wp:term":[{"taxonomy":"category","embeddable":true,"href":"https:\/\/www.egemtv.com\/index.php?rest_route=%2Fwp%2Fv2%2Fcategories&post=26573"},{"taxonomy":"post_tag","embeddable":true,"href":"https:\/\/www.egemtv.com\/index.php?rest_route=%2Fwp%2Fv2%2Ftags&post=26573"}],"curies":[{"name":"wp","href":"https:\/\/api.w.org\/{rel}","templated":true}]}}