{"id":26570,"date":"2025-03-26T09:43:36","date_gmt":"2025-03-26T06:43:36","guid":{"rendered":"https:\/\/www.egemtv.com\/?p=26570"},"modified":"2025-03-26T09:43:40","modified_gmt":"2025-03-26T06:43:40","slug":"kuran-i-kerim-ve-hadislerden-etkilenerek-minyatur-cami-ustasi-oldu","status":"publish","type":"post","link":"https:\/\/www.egemtv.com\/?p=26570","title":{"rendered":"Kur\u2019an-\u0131 Kerim ve hadislerden etkilenerek minyat\u00fcr cami ustas\u0131 oldu"},"content":{"rendered":"<p>Afyonkarahisar\u2019da ya\u015fayan 85 ya\u015f\u0131ndaki Ali \u0130hsan Koca\u00e7ay, \u00f6mr\u00fcn\u00fc adad\u0131\u011f\u0131 hobisi sayesinde \u015fimdiye kadar 150 adet minyat\u00fcr maket cami yapt\u0131. \u00dcnl\u00fc camilerin, t\u00fcrbelerin ve ibadethanelerin maketlerini el i\u015f\u00e7ili\u011fi ile yapan Koca\u00e7ay, bu i\u015fe bir hadis-i \u015feriften ilham alarak ba\u015flad\u0131\u011f\u0131n\u0131 s\u00f6yl\u00fcyor.<br \/>\n<br \/>Ali \u0130hsan Koca\u00e7ay, g\u00f6renleri mest eden el eme\u011fi g\u00f6z nuru eserlerini k\u00fc\u00e7\u00fck bir d\u00fckkanda sergiliyor. Koca\u00e7ay, gidip g\u00f6rebildi\u011fi camileri t\u00fcm detaylar\u0131 ile inceleyip tasvir ederken, daha \u00f6nce hi\u00e7 g\u00f6rmedi\u011fi camilerin maketlerini ise foto\u011fraflar\u0131n\u0131 b\u00fcy\u00fcterek yap\u0131yor. Ali \u0130hsan Koca\u00e7ay, cami maketlerini 3 farkl\u0131 \u00e7e\u015fitte haz\u0131rl\u0131yor. Ta\u015f, ah\u015fap ve plastik malzemelerle maketler yapan Koca\u00e7ay, hat sanat\u0131na da ilgi duyuyor.<br \/>\n<br \/>Mest eden yetene\u011fiyle ilgili \u0130hlas Haber Ajans\u0131 (\u0130HA) muhabirine a\u00e7\u0131klamalarda bulunan Koca\u00e7ay, &#8220;Benim \u00e7ocuklu\u011fumdan beri cami yapma sevgisi var. \u015e\u00f6yle bir hadisi \u015ferif var Peygamber Efendimizin, \u2018Kim Allah r\u0131zas\u0131 i\u00e7in cami yaparsa cennette bir k\u00f6\u015fk verilecektir.\u2019 O hadisi \u015ferif \u00e7ocukluktan beri benim kafamda. Ben 2 \u015feye a\u015f\u0131\u011f\u0131m. Birisi Kur\u2019an-\u0131 Kerim yaz\u0131lar\u0131n\u0131 \u015fekillendirmek, ikincisi cami yapmak. Camiye de muvaffak oldum hat yaz\u0131lar\u0131na da muvaffak oldum. Afyon\u2019da yapt\u0131m T\u00fcrkiye\u2019de ba\u015fka var m\u0131 bilmiyorum&#8221; dedi.<\/p>\n<p>&#8220;150 tane eserim var&#8221;<br \/>\n<br \/>Bug\u00fcne kadar 150 tane cami maketi yapt\u0131\u011f\u0131n\u0131 ifade eden Koca\u00e7ay a\u00e7\u0131klamalar\u0131n\u0131 \u015f\u00f6yle s\u00fcrd\u00fcrd\u00fc:<br \/>\n<br \/>&#8220;\u015eu an burada 90 tane eser var. \u00c7ocuklar\u0131m\u0131n ve torunlar\u0131m\u0131n evleriyle 150 tane eser var. Mescid-i Aksa, en \u00e7ok sevdi\u011fim \u0130stanbul\u2019da Ey\u00fcp Sultan, Fatih \u0130stanbul\u2019daki camilerden 13 tane var. T\u00fcrkiye\u2019de tan\u0131nm\u0131\u015f camilerden hepsinden bir tane var. \u0130stanbul\u2019da veya ba\u015fka yerlerde gidip g\u00f6rd\u00fc\u011f\u00fcm camileri g\u00f6rerek yapt\u0131m ama g\u00f6rmedi\u011fim diyelim ki \u015eam\u2019da Emevi Camii, Hindistan\u2019da Tac Mahal Camii, \u0130mam-\u0131 Azam Camii var. Onlar\u0131 g\u00f6rmedim ama foto\u011fraflar\u0131 b\u00fcy\u00fcterek yapt\u0131m. Yer g\u00f6sterilseydi bu camiler 2 metre b\u00fcy\u00fckl\u00fc\u011f\u00fcnde olacakt\u0131, orijinal olacakt\u0131. Her \u015feyi tam olacakt\u0131 ama bunlar\u0131 k\u00fc\u00e7\u00fclterek yapt\u0131m. Mesela bir kenarda 8 tane pencere var. Ben bunun ancak 5\u2019ini yapabildim. 8 yaparsam k\u00fc\u00e7\u00fck k\u00fc\u00e7\u00fck oluyor bi\u00e7imsiz oluyor. Onun i\u00e7in orijinali b\u00fcy\u00fck oldu\u011fu zaman yap\u0131l\u0131r.&#8221;<\/p>\n<p>&#8220;3 \u00e7e\u015fit \u015fekilde cami yap\u0131yorum&#8221;<br \/>\n<br \/>Yapt\u0131\u011f\u0131 cami maketi i\u015fine bug\u00fcne kadar kimsenin ra\u011fbet g\u00f6stermedi\u011fini ancak birka\u00e7 ay \u00f6nce bir kad\u0131n\u0131n kendisine ula\u015ft\u0131\u011f\u0131n\u0131 ve Antalya\u2019dan \u00f6\u011frenmek i\u00e7in gelece\u011fini belirten Koca\u00e7ay, bunun kendisini \u00e7ok mutlu etti\u011fini vurgulad\u0131. Koca\u00e7ay &#8220;Afyon\u2019dan \u00f6\u011frenen \u00e7\u0131kmad\u0131. \u015eimdi bir han\u0131m k\u0131z\u0131m\u0131z var o \u00f6\u011freniyor cami ve hat yaz\u0131lar\u0131n\u0131. Nasip olursa Antalyal\u0131 bir karde\u015fimiz var o \u00e7ok heves ediyor. Antalya\u2019da sergi yapaca\u011f\u0131m diyor. O gelecek Ramazan\u2019dan sonra ona \u00f6\u011fretece\u011fim. 3 \u00e7e\u015fit cami yap\u0131yorum. Birisi Osmanl\u0131\u2019dan kalma ah\u015fap \u00e7ivisiz ge\u00e7me olarak. Orijinali neyse o \u015fekilde ikincisi \u00f6n\u00fc ta\u015f g\u00f6r\u00fcn\u00fcyorsa onlara da ytong ta\u015f\u0131 deriz denilen ta\u015ftan yapt\u0131m. \u00dc\u00e7\u00fcnc\u00fcs\u00fc mermer kapl\u0131 ve ya s\u0131val\u0131 ise onlar\u0131 da plastikten yapt\u0131m&#8221; diye konu\u015ftu.<\/p>\n<p>&#8220;Mescid-i Resulullah\u2019\u0131 10 minaresiyle 8.5 ayda yapt\u0131m&#8221;<br \/>\n<br \/>Eserlerini sat\u0131n almak isteyen \u00e7ok ki\u015fi oldu\u011funu fakat kendisinin m\u00fcze yapmak i\u00e7in satmad\u0131\u011f\u0131n\u0131 dile getiren Koca\u00e7ay, &#8220;Ben Afyon\u2019a bir m\u00fcze yapmak istedim. Afyon de\u011ferlendirmedi \u015fimdi bunu. Sat\u0131\u015f\u0131n\u0131 yapm\u0131yorum. Ancak \u0130stanbul\u2019dan doktor olan bir han\u0131m istedi onlara sipari\u015f olarak yap\u0131yorum. Antalya\u2019dan istediler onlara sipari\u015f yapt\u0131m. \u00c7\u00fcnk\u00fc kendilerini tan\u0131d\u0131\u011f\u0131m i\u00e7in yapt\u0131m. Yap\u0131m\u0131 caminin b\u00fcy\u00fckl\u00fc\u011f\u00fcne minarenin say\u0131s\u0131na g\u00f6re de\u011fi\u015fir. Bunun projesi 15 g\u00fcn ile bir ay i\u00e7erisinde yap\u0131l\u0131yor. Kolay bir \u015fekilde de\u011fil. Resmi b\u00fcy\u00fctmek kolay bir \u015fey de\u011fil. Makine ile b\u00fcy\u00fct\u00fclen bir \u015fey de\u011fil. Yap\u0131m i\u00e7i kubbe ve minaresine g\u00f6re 2 ay 3 ay hatta mesela 8,5 ay s\u00fcren cami oldu. Nedir o? Peygamberimizin bug\u00fcnk\u00fc Mescid-i Resulullah\u2019\u0131 10 minaresiyle 8.5 ayda yapt\u0131m&#8221; \u015feklinde konu\u015ftu.<br \/><\/p>\n","protected":false},"excerpt":{"rendered":"<p>Afyonkarahisar\u2019da ya\u015fayan 85 ya\u015f\u0131ndaki Ali \u0130hsan Koca\u00e7ay, \u00f6mr\u00fcn\u00fc adad\u0131\u011f\u0131 hobisi sayesinde \u015fimdiye kadar 150 adet minyat\u00fcr maket cami yapt\u0131. \u00dcnl\u00fc camilerin, t\u00fcrbelerin ve ibadethanelerin maketlerini el i\u015f\u00e7ili\u011fi ile yapan Koca\u00e7ay, bu i\u015fe bir hadis-i \u015feriften ilham alarak ba\u015flad\u0131\u011f\u0131n\u0131 s\u00f6yl\u00fcyor. Ali \u0130hsan Koca\u00e7ay, g\u00f6renleri mest eden el eme\u011fi g\u00f6z nuru eserlerini k\u00fc\u00e7\u00fck bir d\u00fckkanda sergiliyor. Koca\u00e7ay,&#8230;<\/p>\n","protected":false},"author":1,"featured_media":26571,"comment_status":"open","ping_status":"open","sticky":false,"template":"","format":"standard","meta":{"_crdt_document":"","footnotes":""},"categories":[1],"tags":[],"class_list":["post-26570","post","type-post","status-publish","format-standard","has-post-thumbnail","hentry","category-guncel"],"_links":{"self":[{"href":"https:\/\/www.egemtv.com\/index.php?rest_route=\/wp\/v2\/posts\/26570","targetHints":{"allow":["GET"]}}],"collection":[{"href":"https:\/\/www.egemtv.com\/index.php?rest_route=\/wp\/v2\/posts"}],"about":[{"href":"https:\/\/www.egemtv.com\/index.php?rest_route=\/wp\/v2\/types\/post"}],"author":[{"embeddable":true,"href":"https:\/\/www.egemtv.com\/index.php?rest_route=\/wp\/v2\/users\/1"}],"replies":[{"embeddable":true,"href":"https:\/\/www.egemtv.com\/index.php?rest_route=%2Fwp%2Fv2%2Fcomments&post=26570"}],"version-history":[{"count":1,"href":"https:\/\/www.egemtv.com\/index.php?rest_route=\/wp\/v2\/posts\/26570\/revisions"}],"predecessor-version":[{"id":26572,"href":"https:\/\/www.egemtv.com\/index.php?rest_route=\/wp\/v2\/posts\/26570\/revisions\/26572"}],"wp:featuredmedia":[{"embeddable":true,"href":"https:\/\/www.egemtv.com\/index.php?rest_route=\/wp\/v2\/media\/26571"}],"wp:attachment":[{"href":"https:\/\/www.egemtv.com\/index.php?rest_route=%2Fwp%2Fv2%2Fmedia&parent=26570"}],"wp:term":[{"taxonomy":"category","embeddable":true,"href":"https:\/\/www.egemtv.com\/index.php?rest_route=%2Fwp%2Fv2%2Fcategories&post=26570"},{"taxonomy":"post_tag","embeddable":true,"href":"https:\/\/www.egemtv.com\/index.php?rest_route=%2Fwp%2Fv2%2Ftags&post=26570"}],"curies":[{"name":"wp","href":"https:\/\/api.w.org\/{rel}","templated":true}]}}