{"id":26567,"date":"2025-03-26T09:24:38","date_gmt":"2025-03-26T06:24:38","guid":{"rendered":"https:\/\/www.egemtv.com\/?p=26567"},"modified":"2025-03-26T09:24:43","modified_gmt":"2025-03-26T06:24:43","slug":"hapis-cezasiyla-aranan-sahsi-jandarma-yakaladi","status":"publish","type":"post","link":"https:\/\/www.egemtv.com\/?p=26567","title":{"rendered":"Hapis cezas\u0131yla aranan \u015fahs\u0131 jandarma yakalad\u0131"},"content":{"rendered":"<p>Afyonkarahisar\u2019da bir yabanc\u0131y\u0131 \u00fclkeye sokan veya \u00fclkede kalmas\u0131na imkan sa\u011flama su\u00e7undan 4 y\u0131l 8 ay 7 g\u00fcn hapis cezas\u0131yla aranan \u015fahs\u0131 jandarma ekipleri yakalad\u0131.<br \/>\n<br \/>Afyonkarahisar \u0130l Jandarma Komutanl\u0131\u011f\u0131 taraf\u0131ndan aranan \u015fah\u0131slar\u0131n yakalanmas\u0131na y\u00f6nelik \u00e7al\u0131\u015fma yap\u0131ld\u0131. Yap\u0131lan incelemelerde O.\u015e.B., isimli \u015fahs\u0131n bir yabanc\u0131y\u0131 \u00fclkeye sokan veya \u00fclkede kalmas\u0131na imkan sa\u011flama su\u00e7undan 4 y\u0131l 8 ay 7 g\u00fcn hapis cezas\u0131 oldu\u011fu belirlendi. Ard\u0131ndan \u015fahs\u0131n pe\u015fine d\u00fc\u015fen ekipler \u015f\u00fcpheliyi Emirda\u011f il\u00e7esinde yakalayarak g\u00f6zalt\u0131na ald\u0131. \u015eah\u0131s i\u015flemlerinin ard\u0131ndan \u00e7\u0131kar\u0131ld\u0131\u011f\u0131 mahkemece tutuklanarak Afyonkarahisar Bolvadin T Tipi Kapal\u0131 Ceza \u0130nfaz Kurumuna teslim edildi.<br \/><\/p>\n","protected":false},"excerpt":{"rendered":"<p>Afyonkarahisar\u2019da bir yabanc\u0131y\u0131 \u00fclkeye sokan veya \u00fclkede kalmas\u0131na imkan sa\u011flama su\u00e7undan 4 y\u0131l 8 ay 7 g\u00fcn hapis cezas\u0131yla aranan \u015fahs\u0131 jandarma ekipleri yakalad\u0131. Afyonkarahisar \u0130l Jandarma Komutanl\u0131\u011f\u0131 taraf\u0131ndan aranan \u015fah\u0131slar\u0131n yakalanmas\u0131na y\u00f6nelik \u00e7al\u0131\u015fma yap\u0131ld\u0131. Yap\u0131lan incelemelerde O.\u015e.B., isimli \u015fahs\u0131n bir yabanc\u0131y\u0131 \u00fclkeye sokan veya \u00fclkede kalmas\u0131na imkan sa\u011flama su\u00e7undan 4 y\u0131l 8 ay 7&#8230;<\/p>\n","protected":false},"author":1,"featured_media":26568,"comment_status":"open","ping_status":"open","sticky":false,"template":"","format":"standard","meta":{"_crdt_document":"","footnotes":""},"categories":[5],"tags":[],"class_list":["post-26567","post","type-post","status-publish","format-standard","has-post-thumbnail","hentry","category-asayis"],"_links":{"self":[{"href":"https:\/\/www.egemtv.com\/index.php?rest_route=\/wp\/v2\/posts\/26567","targetHints":{"allow":["GET"]}}],"collection":[{"href":"https:\/\/www.egemtv.com\/index.php?rest_route=\/wp\/v2\/posts"}],"about":[{"href":"https:\/\/www.egemtv.com\/index.php?rest_route=\/wp\/v2\/types\/post"}],"author":[{"embeddable":true,"href":"https:\/\/www.egemtv.com\/index.php?rest_route=\/wp\/v2\/users\/1"}],"replies":[{"embeddable":true,"href":"https:\/\/www.egemtv.com\/index.php?rest_route=%2Fwp%2Fv2%2Fcomments&post=26567"}],"version-history":[{"count":1,"href":"https:\/\/www.egemtv.com\/index.php?rest_route=\/wp\/v2\/posts\/26567\/revisions"}],"predecessor-version":[{"id":26569,"href":"https:\/\/www.egemtv.com\/index.php?rest_route=\/wp\/v2\/posts\/26567\/revisions\/26569"}],"wp:featuredmedia":[{"embeddable":true,"href":"https:\/\/www.egemtv.com\/index.php?rest_route=\/wp\/v2\/media\/26568"}],"wp:attachment":[{"href":"https:\/\/www.egemtv.com\/index.php?rest_route=%2Fwp%2Fv2%2Fmedia&parent=26567"}],"wp:term":[{"taxonomy":"category","embeddable":true,"href":"https:\/\/www.egemtv.com\/index.php?rest_route=%2Fwp%2Fv2%2Fcategories&post=26567"},{"taxonomy":"post_tag","embeddable":true,"href":"https:\/\/www.egemtv.com\/index.php?rest_route=%2Fwp%2Fv2%2Ftags&post=26567"}],"curies":[{"name":"wp","href":"https:\/\/api.w.org\/{rel}","templated":true}]}}