{"id":26420,"date":"2025-03-25T12:02:16","date_gmt":"2025-03-25T09:02:16","guid":{"rendered":"https:\/\/www.egemtv.com\/?p=26420"},"modified":"2025-03-25T12:02:21","modified_gmt":"2025-03-25T09:02:21","slug":"fethiyede-servis-minibusu-ile-kamyon-carpisti-4-yarali","status":"publish","type":"post","link":"https:\/\/www.egemtv.com\/?p=26420","title":{"rendered":"Fethiye\u2019de servis minib\u00fcs\u00fc ile kamyon \u00e7arp\u0131\u015ft\u0131: 4 yaral\u0131"},"content":{"rendered":"<p>Fethiye \u2013 Mu\u011fla karayolu \u00c7atalar\u0131k Kav\u015fa\u011f\u0131\u2019nda servis minib\u00fcs\u00fc ile kamyonun \u00e7arp\u0131\u015fmas\u0131 sonucu meydana gelen trafik kazas\u0131nda 4 ki\u015fi yaraland\u0131.<\/p>\n<p>Edinilen bilgiye g\u00f6re, s\u00fcr\u00fcc\u00fcs\u00fc hen\u00fcz \u00f6\u011frenilemeyen 07 TY 292C plakal\u0131 kamyon, bir \u015firkete ait i\u015f\u00e7ileri ta\u015f\u0131yan servis minib\u00fcs\u00fc ile \u00c7atalar\u0131k Kav\u015fa\u011f\u0131\u2019nda \u00e7arp\u0131\u015ft\u0131. \u00c7evredeki vatanda\u015flar\u0131n 112 Acil \u00c7a\u011fr\u0131 Merkezi\u2019ne yapt\u0131\u011f\u0131 ihbar \u00fczerine olay yerine sa\u011fl\u0131k ve polis ekipleri sevk edildi. Kazada minib\u00fcste bulunan H.B.Y., K.Y., H.\u00c7. ve R.B isimli 4 i\u015f\u00e7i yaraland\u0131. Yaral\u0131lar, sa\u011fl\u0131k ekiplerince il\u00e7edeki hastanelere kald\u0131r\u0131larak tedavi alt\u0131na al\u0131nd\u0131.<\/p>\n<p>Kazayla ilgili inceleme ba\u015flat\u0131ld\u0131.<br \/><\/p>\n","protected":false},"excerpt":{"rendered":"<p>Fethiye \u2013 Mu\u011fla karayolu \u00c7atalar\u0131k Kav\u015fa\u011f\u0131\u2019nda servis minib\u00fcs\u00fc ile kamyonun \u00e7arp\u0131\u015fmas\u0131 sonucu meydana gelen trafik kazas\u0131nda 4 ki\u015fi yaraland\u0131. Edinilen bilgiye g\u00f6re, s\u00fcr\u00fcc\u00fcs\u00fc hen\u00fcz \u00f6\u011frenilemeyen 07 TY 292C plakal\u0131 kamyon, bir \u015firkete ait i\u015f\u00e7ileri ta\u015f\u0131yan servis minib\u00fcs\u00fc ile \u00c7atalar\u0131k Kav\u015fa\u011f\u0131\u2019nda \u00e7arp\u0131\u015ft\u0131. \u00c7evredeki vatanda\u015flar\u0131n 112 Acil \u00c7a\u011fr\u0131 Merkezi\u2019ne yapt\u0131\u011f\u0131 ihbar \u00fczerine olay yerine sa\u011fl\u0131k ve polis&#8230;<\/p>\n","protected":false},"author":1,"featured_media":26421,"comment_status":"open","ping_status":"open","sticky":false,"template":"","format":"standard","meta":{"_crdt_document":"","footnotes":""},"categories":[5],"tags":[],"class_list":["post-26420","post","type-post","status-publish","format-standard","has-post-thumbnail","hentry","category-asayis"],"_links":{"self":[{"href":"https:\/\/www.egemtv.com\/index.php?rest_route=\/wp\/v2\/posts\/26420","targetHints":{"allow":["GET"]}}],"collection":[{"href":"https:\/\/www.egemtv.com\/index.php?rest_route=\/wp\/v2\/posts"}],"about":[{"href":"https:\/\/www.egemtv.com\/index.php?rest_route=\/wp\/v2\/types\/post"}],"author":[{"embeddable":true,"href":"https:\/\/www.egemtv.com\/index.php?rest_route=\/wp\/v2\/users\/1"}],"replies":[{"embeddable":true,"href":"https:\/\/www.egemtv.com\/index.php?rest_route=%2Fwp%2Fv2%2Fcomments&post=26420"}],"version-history":[{"count":1,"href":"https:\/\/www.egemtv.com\/index.php?rest_route=\/wp\/v2\/posts\/26420\/revisions"}],"predecessor-version":[{"id":26422,"href":"https:\/\/www.egemtv.com\/index.php?rest_route=\/wp\/v2\/posts\/26420\/revisions\/26422"}],"wp:featuredmedia":[{"embeddable":true,"href":"https:\/\/www.egemtv.com\/index.php?rest_route=\/wp\/v2\/media\/26421"}],"wp:attachment":[{"href":"https:\/\/www.egemtv.com\/index.php?rest_route=%2Fwp%2Fv2%2Fmedia&parent=26420"}],"wp:term":[{"taxonomy":"category","embeddable":true,"href":"https:\/\/www.egemtv.com\/index.php?rest_route=%2Fwp%2Fv2%2Fcategories&post=26420"},{"taxonomy":"post_tag","embeddable":true,"href":"https:\/\/www.egemtv.com\/index.php?rest_route=%2Fwp%2Fv2%2Ftags&post=26420"}],"curies":[{"name":"wp","href":"https:\/\/api.w.org\/{rel}","templated":true}]}}