{"id":26417,"date":"2025-03-25T11:43:36","date_gmt":"2025-03-25T08:43:36","guid":{"rendered":"https:\/\/www.egemtv.com\/?p=26417"},"modified":"2025-03-25T11:43:40","modified_gmt":"2025-03-25T08:43:40","slug":"bodrum-fk-fenerbahce-karsisinda-yenilmezlik-serisini-surdurmek-istiyor","status":"publish","type":"post","link":"https:\/\/www.egemtv.com\/?p=26417","title":{"rendered":"Bodrum FK, Fenerbah\u00e7e kar\u015f\u0131s\u0131nda yenilmezlik serisini s\u00fcrd\u00fcrmek istiyor"},"content":{"rendered":"<p>Trendyol S\u00fcper Lig\u2019in 29. haftas\u0131nda Fenerbah\u00e7e\u2019yi konuk edecek Bodrum FK, yenilmezlik serisini d\u00fcrd\u00fcrmek istiyor.  Bodrum FK Teknik Direkt\u00f6r\u00fc Jose Morais, &#8220;Ligdeki hedefimiz do\u011frultusunda geli\u015fimimizi s\u00fcrd\u00fcrmek istiyoruz. Fenerbah\u00e7e kalitesi y\u00fcksek ve \u015fampiyonluk hedefleyen bir tak\u0131m. Biz kendi oyunumuza odaklanaca\u011f\u0131z&#8221; dedi.<br \/>\n<br \/>Trendyol S\u00fcper Lig\u2019in 29. haftas\u0131nda Bodrum FK, 28 Mart Cuma g\u00fcn\u00fc saat 20.30\u2019da sahas\u0131nda Fenerbah\u00e7e ile kar\u015f\u0131la\u015facak. Son 6 ma\u00e7ta kalesini gole kapatan Bodrum FK, sar\u0131-lacivertliler kar\u015f\u0131s\u0131nda da savunmadaki disiplinini koruyarak puan almak istiyor. Yal\u0131\u00e7iftlik \u0130smail Alt\u0131nda\u011f Tesisleri\u2019nde Teknik Direkt\u00f6r Jose Morais y\u00f6netiminde haz\u0131rl\u0131klar\u0131n\u0131 s\u00fcrd\u00fcren ye\u015fil-beyazl\u0131larda morallerin y\u00fcksek oldu\u011fu g\u00f6r\u00fcld\u00fc.<\/p>\n<p>Asba\u015fkan Polat: &#8220;Motivasyonumuz y\u00fcksek&#8221;<br \/>\n<br \/>Bodrum FK Asba\u015fkan\u0131 Selahattin Polat, antrenman\u0131 ziyaret ederek futbolculara moral verdi. Tak\u0131m\u0131n son haftalarda ba\u015far\u0131l\u0131 bir grafik \u00e7izdi\u011fini belirten Polat, &#8220;Tak\u0131m\u0131m\u0131z son 6-7 ma\u00e7t\u0131r g\u00fczel bir seri yakalad\u0131 ve gayet ba\u015far\u0131l\u0131 \u015fekilde gidiyor. Motivasyonu gayet iyi, umar\u0131m bu seri ayn\u0131 \u015fekilde devam eder. Taraftar\u0131m\u0131z\u0131n deste\u011fini her ma\u00e7ta al\u0131yoruz ve onlar da bize \u00e7ok g\u00fcveniyorlar. Fenerbah\u00e7e ma\u00e7\u0131 in\u015fallah en iyi \u015fekilde ge\u00e7er ve bu ma\u00e7ta da puan al\u0131r\u0131z. Biz \u00e7ok mutluyuz ve umutluyuz. Tahminime g\u00f6re biz sezonu orta s\u0131ralarda bitiririz. K\u0131r\u0131lganl\u0131k kalkt\u0131 ve seri yakalamaya ba\u015flad\u0131k, in\u015fallah b\u00f6yle devam eder&#8221; c\u00fcmlelerine yer verdi.<\/p>\n<p>Jose Morais: &#8220;Bizim i\u00e7in her ma\u00e7 \u00f6nemli&#8221;<br \/>\n<br \/>Fenerbah\u00e7e ma\u00e7\u0131 \u00f6ncesi de\u011ferlendirmelerde bulunan Bodrum FK Teknik Direkt\u00f6r\u00fc Jose Morais de, &#8220;Bizim i\u00e7in her ma\u00e7 \u00f6nemli, haz\u0131rl\u0131klar\u0131m\u0131z\u0131 ayn\u0131 ciddiyetle s\u00fcrd\u00fcr\u00fcyoruz. Ligdeki hedefimiz do\u011frultusunda geli\u015fimimizi s\u00fcrd\u00fcrmek istiyoruz. Fenerbah\u00e7e, kalitesi y\u00fcksek ve \u015fampiyonluk hedefleyen bir tak\u0131m. Biz kendi oyunumuza odaklanaca\u011f\u0131z&#8221; \u015feklinde konu\u015ftu.<br \/>\n<br \/>Diogo Sousa\u2019n\u0131n cezal\u0131 olmas\u0131ndan dolay\u0131 kalede kimi g\u00f6revlendirece\u011fi konusunda net bir karar vermedi\u011fini de belirten Morais, &#8220;\u015eu an oynayabilecek t\u00fcm kalecilerimiz bu seviyede oynamak i\u00e7in yeterli kaliteye sahip. Karar\u0131m\u0131 ma\u00e7 yakla\u015ft\u0131k\u00e7a verece\u011fim&#8221; ifadelerini kulland\u0131.<\/p>\n<p>&#8220;Skorlardan ziyade iyi bir tak\u0131m olmay\u0131 \u00f6nemsiyoruz&#8221;<br \/>\n<br \/>Portekizli teknik adam, yenilmezlik serisiyle ilgili olarak ise, &#8220;Skorlardan ziyade iyi bir tak\u0131m olmay\u0131 \u00f6nemsiyoruz. Ne kadar geli\u015firsek ma\u00e7lardaki problemleri o kadar \u00e7\u00f6zebilir hale gelece\u011fiz&#8221; diye konu\u015ftu.<br \/><\/p>\n","protected":false},"excerpt":{"rendered":"<p>Trendyol S\u00fcper Lig\u2019in 29. haftas\u0131nda Fenerbah\u00e7e\u2019yi konuk edecek Bodrum FK, yenilmezlik serisini d\u00fcrd\u00fcrmek istiyor. Bodrum FK Teknik Direkt\u00f6r\u00fc Jose Morais, &#8220;Ligdeki hedefimiz do\u011frultusunda geli\u015fimimizi s\u00fcrd\u00fcrmek istiyoruz. Fenerbah\u00e7e kalitesi y\u00fcksek ve \u015fampiyonluk hedefleyen bir tak\u0131m. Biz kendi oyunumuza odaklanaca\u011f\u0131z&#8221; dedi. Trendyol S\u00fcper Lig\u2019in 29. haftas\u0131nda Bodrum FK, 28 Mart Cuma g\u00fcn\u00fc saat 20.30\u2019da sahas\u0131nda Fenerbah\u00e7e ile&#8230;<\/p>\n","protected":false},"author":1,"featured_media":26418,"comment_status":"open","ping_status":"open","sticky":false,"template":"","format":"standard","meta":{"_crdt_document":"","footnotes":""},"categories":[4],"tags":[],"class_list":["post-26417","post","type-post","status-publish","format-standard","has-post-thumbnail","hentry","category-spor"],"_links":{"self":[{"href":"https:\/\/www.egemtv.com\/index.php?rest_route=\/wp\/v2\/posts\/26417","targetHints":{"allow":["GET"]}}],"collection":[{"href":"https:\/\/www.egemtv.com\/index.php?rest_route=\/wp\/v2\/posts"}],"about":[{"href":"https:\/\/www.egemtv.com\/index.php?rest_route=\/wp\/v2\/types\/post"}],"author":[{"embeddable":true,"href":"https:\/\/www.egemtv.com\/index.php?rest_route=\/wp\/v2\/users\/1"}],"replies":[{"embeddable":true,"href":"https:\/\/www.egemtv.com\/index.php?rest_route=%2Fwp%2Fv2%2Fcomments&post=26417"}],"version-history":[{"count":1,"href":"https:\/\/www.egemtv.com\/index.php?rest_route=\/wp\/v2\/posts\/26417\/revisions"}],"predecessor-version":[{"id":26419,"href":"https:\/\/www.egemtv.com\/index.php?rest_route=\/wp\/v2\/posts\/26417\/revisions\/26419"}],"wp:featuredmedia":[{"embeddable":true,"href":"https:\/\/www.egemtv.com\/index.php?rest_route=\/wp\/v2\/media\/26418"}],"wp:attachment":[{"href":"https:\/\/www.egemtv.com\/index.php?rest_route=%2Fwp%2Fv2%2Fmedia&parent=26417"}],"wp:term":[{"taxonomy":"category","embeddable":true,"href":"https:\/\/www.egemtv.com\/index.php?rest_route=%2Fwp%2Fv2%2Fcategories&post=26417"},{"taxonomy":"post_tag","embeddable":true,"href":"https:\/\/www.egemtv.com\/index.php?rest_route=%2Fwp%2Fv2%2Ftags&post=26417"}],"curies":[{"name":"wp","href":"https:\/\/api.w.org\/{rel}","templated":true}]}}