{"id":26411,"date":"2025-03-25T11:22:33","date_gmt":"2025-03-25T08:22:33","guid":{"rendered":"https:\/\/www.egemtv.com\/?p=26411"},"modified":"2025-03-25T11:22:37","modified_gmt":"2025-03-25T08:22:37","slug":"karsiyakanin-rakibi-anadolu-universitesi","status":"publish","type":"post","link":"https:\/\/www.egemtv.com\/?p=26411","title":{"rendered":"Kar\u015f\u0131yaka\u2019n\u0131n rakibi Anadolu \u00dcniversitesi"},"content":{"rendered":"<p>Kar\u015f\u0131yaka, TFF 3. Lig 1. Grup\u2019taki 26. hafta m\u00fccadelesinde yar\u0131n Anadolu \u00dcniversitesi\u2019ni konuk edecek.<br \/>\n<br \/>TFF 3. Lig 1. Grup ekiplerinden Alt\u0131nordu, 26. hafta m\u00fccadelesinde yar\u0131n Anadolu \u00dcniversitesi ile kar\u015f\u0131 kar\u015f\u0131ya gelecek. Alsancak Stadyumu\u2019nda oynanacak m\u00fcsabaka saat 14.00\u2019te ba\u015flayacak. M\u00fccadeleyi Ankara b\u00f6lgesi hakemlerinden Demokrat \u00d6zg\u00fcr G\u00fcne\u015f y\u00f6netecek. Kar\u015f\u0131la\u015fma \u00f6ncesinde 14 galibiyet, 6 beraberlik ve 4 ma\u011flubiyeti olan Kar\u015f\u0131yaka, 48 puanla ikinci s\u0131rada yer al\u0131yor. \u0130zmir ekibi, rakibi kar\u015f\u0131s\u0131nda hata yapmay\u0131p 55 puan\u0131 bulunan lider Bursaspor\u2019u zirve yar\u0131\u015f\u0131ndaki takip etmek istiyor. Konuk ekipte ye\u015fil-k\u0131rm\u0131z\u0131l\u0131 ekibi ma\u011flup ederek play-off hatt\u0131na girmeyi hedefliyor.<br \/>\n<br \/>\u0130ki ekip aras\u0131nda ligin ilk devresinde oynanan m\u00fcsabakay\u0131 Kar\u015f\u0131yaka deplasmanda 3-1 kaybetmi\u015fti.<\/p>\n<p>Enes ve Abd\u00fclkadir d\u00f6n\u00fcyor<br \/>\n<br \/>Kar\u015f\u0131yaka\u2019da 7 ma\u00e7t\u0131r forma giyemeyen Enes Nalbanto\u011flu\u2019nun sakatl\u0131\u011f\u0131n\u0131 atlatt\u0131\u011f\u0131 ve tak\u0131ma geri d\u00f6nd\u00fc\u011f\u00fc ifade edildi. Nalbanto\u011flu\u2019nun yar\u0131n kadroda yerini almas\u0131 ve Ahmet Y\u0131ld\u0131r\u0131m\u2019\u0131n s\u00fcre vermesi halinde oynayaca\u011f\u0131 belirtildi. K\u0131rm\u0131z\u0131 kart cezal\u0131s\u0131 olan Abd\u00fclkadir \u00d6ks\u00fcz de tak\u0131ma geri d\u00f6nd\u00fc. Hasta oldu\u011fu i\u00e7in Mu\u015f deplasman\u0131nda forma giyemeyen orta saha Hakan Bar\u0131\u015f\u2019\u0131n ise yar\u0131n kadroda olmas\u0131 bekleniyor. Tedavisi devam eden Erdal \u00d6zt\u00fcrk\u2019\u00fcn durumunun ise yar\u0131n ma\u00e7 saatinde belli olaca\u011f\u0131 \u00f6\u011frenildi.<br \/><\/p>\n","protected":false},"excerpt":{"rendered":"<p>Kar\u015f\u0131yaka, TFF 3. Lig 1. Grup\u2019taki 26. hafta m\u00fccadelesinde yar\u0131n Anadolu \u00dcniversitesi\u2019ni konuk edecek. TFF 3. Lig 1. Grup ekiplerinden Alt\u0131nordu, 26. hafta m\u00fccadelesinde yar\u0131n Anadolu \u00dcniversitesi ile kar\u015f\u0131 kar\u015f\u0131ya gelecek. Alsancak Stadyumu\u2019nda oynanacak m\u00fcsabaka saat 14.00\u2019te ba\u015flayacak. M\u00fccadeleyi Ankara b\u00f6lgesi hakemlerinden Demokrat \u00d6zg\u00fcr G\u00fcne\u015f y\u00f6netecek. Kar\u015f\u0131la\u015fma \u00f6ncesinde 14 galibiyet, 6 beraberlik ve 4 ma\u011flubiyeti&#8230;<\/p>\n","protected":false},"author":1,"featured_media":26412,"comment_status":"open","ping_status":"open","sticky":false,"template":"","format":"standard","meta":{"_crdt_document":"","footnotes":""},"categories":[4],"tags":[],"class_list":["post-26411","post","type-post","status-publish","format-standard","has-post-thumbnail","hentry","category-spor"],"_links":{"self":[{"href":"https:\/\/www.egemtv.com\/index.php?rest_route=\/wp\/v2\/posts\/26411","targetHints":{"allow":["GET"]}}],"collection":[{"href":"https:\/\/www.egemtv.com\/index.php?rest_route=\/wp\/v2\/posts"}],"about":[{"href":"https:\/\/www.egemtv.com\/index.php?rest_route=\/wp\/v2\/types\/post"}],"author":[{"embeddable":true,"href":"https:\/\/www.egemtv.com\/index.php?rest_route=\/wp\/v2\/users\/1"}],"replies":[{"embeddable":true,"href":"https:\/\/www.egemtv.com\/index.php?rest_route=%2Fwp%2Fv2%2Fcomments&post=26411"}],"version-history":[{"count":1,"href":"https:\/\/www.egemtv.com\/index.php?rest_route=\/wp\/v2\/posts\/26411\/revisions"}],"predecessor-version":[{"id":26413,"href":"https:\/\/www.egemtv.com\/index.php?rest_route=\/wp\/v2\/posts\/26411\/revisions\/26413"}],"wp:featuredmedia":[{"embeddable":true,"href":"https:\/\/www.egemtv.com\/index.php?rest_route=\/wp\/v2\/media\/26412"}],"wp:attachment":[{"href":"https:\/\/www.egemtv.com\/index.php?rest_route=%2Fwp%2Fv2%2Fmedia&parent=26411"}],"wp:term":[{"taxonomy":"category","embeddable":true,"href":"https:\/\/www.egemtv.com\/index.php?rest_route=%2Fwp%2Fv2%2Fcategories&post=26411"},{"taxonomy":"post_tag","embeddable":true,"href":"https:\/\/www.egemtv.com\/index.php?rest_route=%2Fwp%2Fv2%2Ftags&post=26411"}],"curies":[{"name":"wp","href":"https:\/\/api.w.org\/{rel}","templated":true}]}}