{"id":26408,"date":"2025-03-25T11:22:29","date_gmt":"2025-03-25T08:22:29","guid":{"rendered":"https:\/\/www.egemtv.com\/?p=26408"},"modified":"2025-03-25T11:22:33","modified_gmt":"2025-03-25T08:22:33","slug":"egeli-bilim-ekibinden-patentli-bulus","status":"publish","type":"post","link":"https:\/\/www.egemtv.com\/?p=26408","title":{"rendered":"Egeli bilim ekibinden patentli bulu\u015f"},"content":{"rendered":"<p>Ege \u00dcniversitesi akademisyenleri, y\u00fcr\u00fctt\u00fckleri projeler ve elde ettikleri bulgular ile bilim d\u00fcnyas\u0131na katk\u0131 sunmay\u0131 s\u00fcrd\u00fcr\u00fcyor. Farkl\u0131 disiplinlerden uzman ara\u015ft\u0131rmac\u0131lar\u0131 b\u00fcnyesinde bar\u0131nd\u0131ran Ege \u00dcniversitesinde, multidisipliner \u00e7al\u0131\u015fmalar sayesinde tekstil alanlar\u0131nda da \u00fcretilebilirli\u011fin sa\u011flanmas\u0131na y\u00f6nelik yenilik\u00e7i projeler ve bulu\u015flar geli\u015ftiriliyor.<br \/>\n<br \/>Ege \u00dcniversitesi M\u00fchendislik Fak\u00fcltesi Tekstil M\u00fchendisli\u011fi B\u00f6l\u00fcm\u00fc \u00f6\u011fretim \u00fcyesi Prof. Dr. Ay\u015feg\u00fcl K\u00f6rl\u00fc\u2019n\u00fcn y\u00fcr\u00fct\u00fcc\u00fcl\u00fc\u011f\u00fcn\u00fc yapt\u0131\u011f\u0131, Prof. Dr. P\u0131nar \u00c7elik ve Dr. Asl\u0131 \u015eahiner Dan\u0131\u015fkan\u2019\u0131n proje ekibinde yer ald\u0131\u011f\u0131 &#8220;Kenevir Bitkisinden Tekstil Lifi Eldesinde Mikrobiyolojik Havuzlama Y\u00f6ntemi&#8221; isimli T\u00dcB\u0130TAK 1001 projesi sonucu, geli\u015ftirilen mikrobiyolojik havuzlama tekni\u011finin patenti, Sanayi ve Teknoloji Bakanl\u0131\u011f\u0131 T\u00fcrk Patent ve Marka Kurumu taraf\u0131ndan tescillendi. Proje ile geleneksel havuzlamada ortaya \u00e7\u0131kan sorunlar\u0131n giderilmesi i\u00e7in, kenevir bitkisinden lif eldesinde se\u00e7ilmi\u015f aerobik\/anaerobik pektinolitik su\u015flar\u0131n kullan\u0131m\u0131 ile mikrobiyal bir havuzlama ger\u00e7ekle\u015ftirilmesi ba\u015far\u0131ld\u0131.<br \/>\n<br \/>Proje ekibini tebrik eden Ege \u00dcniversitesi Rekt\u00f6r\u00fc Prof. Dr. Necdet Budak, &#8220;Tam akredite bir ara\u015ft\u0131rma \u00fcniversitesi olarak T\u00dcB\u0130TAK nezdindeki ba\u015far\u0131lar\u0131m\u0131z\u0131 s\u00fcrd\u00fcrmeye devam ediyoruz. \u00dcniversitemizde olu\u015fturdu\u011fumuz bilim ve ara\u015ft\u0131rma ekosistemi sayesinde T\u00dcB\u0130TAK\u2019a en \u00e7ok proje yapan ve projesi en \u00e7ok kabul g\u00f6ren \u00fcniversiteler aras\u0131nda zirvede yer al\u0131yoruz. M\u00fchendislik Fak\u00fcltesi \u00f6\u011fretim \u00fcyeleri Prof. Dr. Ay\u015feg\u00fcl K\u00f6rl\u00fc, Prof. Dr. P\u0131nar \u00c7elik ve Fen Fak\u00fcltesi \u00f6\u011fretim \u00fcyesi Dr. Asl\u0131 \u015eahiner Dan\u0131\u015fkan\u2019\u0131n kenevir bitkisinden tekstil lifi eldesinde kullan\u0131lmak \u00fczere geli\u015ftirdikleri mikrobiyolojik havuzlama y\u00f6nteminin patenti tescillenmi\u015ftir. De\u011ferli hocam\u0131z\u0131 ve ekibini tebrik ediyor, ba\u015far\u0131lar\u0131n\u0131n devam\u0131n\u0131 diliyorum&#8221; dedi.<br \/>\n<br \/>Proje hakk\u0131nda bilgi veren Prof. Dr. Ay\u015feg\u00fcl K\u00f6rl\u00fc, &#8220;Proje \u00e7al\u0131\u015fmas\u0131nda, G\u00fcm\u00fc\u015fhac\u0131k\u00f6y-Amasya\u2019dan temin edilmi\u015f kenevir bitkisinden lif eldesinde se\u00e7ilmi\u015f aerobik\/anaerobik pektinolitik su\u015flar\u0131n kullan\u0131m\u0131yla mikrobiyal bir havuzlama geli\u015ftirildi. Havuzlama dedi\u011fimiz olay, kenevir bitkisinden daha kolay lif elde edebilmek i\u00e7in bitkinin suyun i\u00e7erisinde bekletip bitkiyi k\u0131smen \u00e7\u00fcr\u00fctmektir. Geleneksel havuzlama y\u00f6ntemlerinde ko\u015fullar iklim ve do\u011fa ko\u015fullar\u0131na ba\u011fl\u0131 oldu\u011fu i\u00e7in bitkinin \u00e7\u00fcr\u00fcmesini, lif verimini ve lif kalitesini kontrol etmek zordur. Proje kapsam\u0131nda geli\u015ftirilip patenti tescillenen mikrobiyal bir havuzlama tekni\u011finde, se\u00e7ilmi\u015f aerobik\/anaerobik pektinolitik su\u015flar kullan\u0131ld\u0131\u011f\u0131 i\u00e7in kontroll\u00fc havuzlama ger\u00e7ekle\u015ftirmek m\u00fcmk\u00fcnd\u00fcr. Bu sayede uygulama s\u00fcresinin k\u0131salt\u0131lmas\u0131, lif verimi ve kalitesi art\u0131r\u0131lmas\u0131, tekrar \u00fcretilebilirli\u011fin ve standardizasyonun sa\u011flanmas\u0131 ile maliyetlerin azalt\u0131lmas\u0131 ama\u00e7land\u0131&#8221; dedi.<\/p>\n<p>&#8220;Kenevir \u00e7evre dostu bir bitki&#8221;<br \/>\n<br \/>Prof. Dr. Ay\u015feg\u00fcl K\u00f6rl\u00fc, &#8220;Do\u011fal kayna\u011f\u0131m\u0131z olan kenevir fazla su t\u00fcketmeyen \u00e7evre dostu bir bitki. Kenevir \u00e7ok y\u00f6nl\u00fc bir \u00e7evre dostu sanayi bitkisi olmas\u0131 nedeniyle \u015fu anda \u00f6n planda. Petrol bazl\u0131 sentetikliklerin \u00fcretiminde enerji ve su sarfiyat\u0131 \u00e7ok y\u00fcksek oluyor. Petrole ba\u011f\u0131ml\u0131l\u0131k s\u00f6z konusu. S\u00fcrd\u00fcrebilirlik \u00e7er\u00e7evesinde onlar\u0131n yerine bu tarz do\u011fal malzemelerin kullan\u0131m\u0131n\u0131n yayg\u0131nla\u015fmas\u0131 gerekiyor. Bu projenin iki avantaj\u0131 var. Birisi unutulmu\u015f olan do\u011fal kayna\u011f\u0131m\u0131z\u0131 yeniden de\u011ferlendirmek di\u011feri ise, belirli iklim \u015fartlar\u0131 isteyen pamu\u011fa g\u00f6re yeti\u015ftirilmesi daha kolay ve daha \u00e7evre dostu olarak de\u011ferlendirilen bir malzemeyi tekstil sanayisinde kullanmak&#8221; diye konu\u015ftu.<\/p>\n<p>&#8220;Kenevir kullan\u0131m\u0131 tarih boyunca s\u00fcregeldi, yeniden canlan\u0131yor&#8221;<br \/>\n<br \/>T\u00fcrkiye, eski kenevir \u00fcreticilerinden biri olarak, bu bitkinin tarihsel \u00f6neminin bir kez daha ke\u015ffedildi\u011fine vurgu yapan Prof. Dr. K\u00f6rl\u00fc, &#8220;Osmanl\u0131 d\u00f6neminde donanman\u0131n ihtiya\u00e7 duydu\u011fu halat ve urgan\u0131n \u00fcretiminde kenevir kullan\u0131l\u0131yor ve fazlas\u0131n\u0131n da ihra\u00e7 edilmesine \u00f6nem veriliyordu. Cumhuriyet\u2019in ilk y\u0131llar\u0131nda da T\u00fcrkiye d\u00fcnya kenevir \u00fcretiminde 10. s\u0131radayd\u0131. Bu d\u00f6nemde gerek kenevir tar\u0131m\u0131n\u0131n gerekse de tekstilde kullan\u0131m\u0131n\u0131n geli\u015ftirilmesi i\u00e7in planlama ve \u00e7al\u0131\u015fmalar yap\u0131lm\u0131\u015ft\u0131. Fakat 70\u2019li y\u0131llar\u0131n sonunda kenevire ba\u011fl\u0131 uyu\u015fturucu madde \u00fcretimi sorunu nedeniyle kenevir ekimine s\u0131n\u0131rlama getirilmesi bu do\u011fal kayna\u011f\u0131n \u00fcretilmesi ve \u00fczerine yap\u0131lan \u00e7al\u0131\u015fmalar\u0131 s\u0131n\u0131rland\u0131rd\u0131.  Ancak bir d\u00f6nem unutulmu\u015f olan bu bitki, g\u00fcn\u00fcm\u00fczde yeniden \u00f6nem kazanmaya ba\u015flad\u0131. S\u00fcrd\u00fcr\u00fclebilirlik art\u0131k d\u00fcnya genelinde b\u00fcy\u00fck bir \u00f6neme sahip, bu nedenle kenevirin yeniden kullan\u0131m\u0131, \u00e7evre dostu ve dayan\u0131kl\u0131 malzemelere olan ihtiyac\u0131n artt\u0131\u011f\u0131 bir d\u00f6nemde \u00f6nemli bir ad\u0131m olarak \u00f6ne \u00e7\u0131k\u0131yor. Kenevirin tarihsel miras\u0131, gelecekteki s\u00fcrd\u00fcr\u00fclebilir \u00fcretim s\u00fcre\u00e7lerine katk\u0131 sa\u011flama potansiyeli ta\u015f\u0131yor&#8221; dedi.<br \/><\/p>\n","protected":false},"excerpt":{"rendered":"<p>Ege \u00dcniversitesi akademisyenleri, y\u00fcr\u00fctt\u00fckleri projeler ve elde ettikleri bulgular ile bilim d\u00fcnyas\u0131na katk\u0131 sunmay\u0131 s\u00fcrd\u00fcr\u00fcyor. Farkl\u0131 disiplinlerden uzman ara\u015ft\u0131rmac\u0131lar\u0131 b\u00fcnyesinde bar\u0131nd\u0131ran Ege \u00dcniversitesinde, multidisipliner \u00e7al\u0131\u015fmalar sayesinde tekstil alanlar\u0131nda da \u00fcretilebilirli\u011fin sa\u011flanmas\u0131na y\u00f6nelik yenilik\u00e7i projeler ve bulu\u015flar geli\u015ftiriliyor. Ege \u00dcniversitesi M\u00fchendislik Fak\u00fcltesi Tekstil M\u00fchendisli\u011fi B\u00f6l\u00fcm\u00fc \u00f6\u011fretim \u00fcyesi Prof. Dr. Ay\u015feg\u00fcl K\u00f6rl\u00fc\u2019n\u00fcn y\u00fcr\u00fct\u00fcc\u00fcl\u00fc\u011f\u00fcn\u00fc yapt\u0131\u011f\u0131, Prof. Dr. P\u0131nar&#8230;<\/p>\n","protected":false},"author":1,"featured_media":26409,"comment_status":"open","ping_status":"open","sticky":false,"template":"","format":"standard","meta":{"_crdt_document":"","footnotes":""},"categories":[1],"tags":[],"class_list":["post-26408","post","type-post","status-publish","format-standard","has-post-thumbnail","hentry","category-guncel"],"_links":{"self":[{"href":"https:\/\/www.egemtv.com\/index.php?rest_route=\/wp\/v2\/posts\/26408","targetHints":{"allow":["GET"]}}],"collection":[{"href":"https:\/\/www.egemtv.com\/index.php?rest_route=\/wp\/v2\/posts"}],"about":[{"href":"https:\/\/www.egemtv.com\/index.php?rest_route=\/wp\/v2\/types\/post"}],"author":[{"embeddable":true,"href":"https:\/\/www.egemtv.com\/index.php?rest_route=\/wp\/v2\/users\/1"}],"replies":[{"embeddable":true,"href":"https:\/\/www.egemtv.com\/index.php?rest_route=%2Fwp%2Fv2%2Fcomments&post=26408"}],"version-history":[{"count":1,"href":"https:\/\/www.egemtv.com\/index.php?rest_route=\/wp\/v2\/posts\/26408\/revisions"}],"predecessor-version":[{"id":26410,"href":"https:\/\/www.egemtv.com\/index.php?rest_route=\/wp\/v2\/posts\/26408\/revisions\/26410"}],"wp:featuredmedia":[{"embeddable":true,"href":"https:\/\/www.egemtv.com\/index.php?rest_route=\/wp\/v2\/media\/26409"}],"wp:attachment":[{"href":"https:\/\/www.egemtv.com\/index.php?rest_route=%2Fwp%2Fv2%2Fmedia&parent=26408"}],"wp:term":[{"taxonomy":"category","embeddable":true,"href":"https:\/\/www.egemtv.com\/index.php?rest_route=%2Fwp%2Fv2%2Fcategories&post=26408"},{"taxonomy":"post_tag","embeddable":true,"href":"https:\/\/www.egemtv.com\/index.php?rest_route=%2Fwp%2Fv2%2Ftags&post=26408"}],"curies":[{"name":"wp","href":"https:\/\/api.w.org\/{rel}","templated":true}]}}