{"id":26405,"date":"2025-03-25T11:22:24","date_gmt":"2025-03-25T08:22:24","guid":{"rendered":"https:\/\/www.egemtv.com\/?p=26405"},"modified":"2025-03-25T11:22:29","modified_gmt":"2025-03-25T08:22:29","slug":"denizli-kadin-meclisinden-dunya-tuberkuloz-gunune-ozel-etkinlik","status":"publish","type":"post","link":"https:\/\/www.egemtv.com\/?p=26405","title":{"rendered":"Denizli Kad\u0131n Meclisinden D\u00fcnya T\u00fcberk\u00fcloz G\u00fcn\u00fc\u2019ne \u00f6zel etkinlik"},"content":{"rendered":"<p>Denizli B\u00fcy\u00fck\u015fehir Belediyesi Kent Konseyi Kad\u0131n Meclisi, D\u00fcnya T\u00fcberk\u00fcloz G\u00fcn\u00fc kapsam\u0131nda sa\u011fl\u0131k \u00e7al\u0131\u015fma grubu \u00f6nc\u00fcl\u00fc\u011f\u00fcnde \u00f6nemli bir etkinlik d\u00fczenledi.<\/p>\n<p>Merkezefendi Belediyesi Karahasanl\u0131 Kad\u0131n \u00c7ocuk Ya\u015fam Merkezi\u2019nde ger\u00e7ekle\u015ftirilen toplant\u0131ya, Kent Konseyi Ba\u015fkan\u0131 Ali Mar\u0131m, Kad\u0131n Meclisi Ba\u015fkan\u0131 Meral Alten, y\u00fcr\u00fctme kurulu \u00fcyeleri ve \u00e7ok say\u0131da kad\u0131n kat\u0131l\u0131m sa\u011flad\u0131. Verem Sava\u015f Dispanseri sorumlu hekimi Dr. Bet\u00fcl Abd\u00fclo\u011flu, t\u00fcberk\u00fclozun belirtileri, korunma yollar\u0131 ve erken te\u015fhisin \u00f6nemi hakk\u0131nda bilgiler verdi.<\/p>\n<p>Bilin\u00e7lendirme etkinlikleri devam edecek<br \/>\n<br \/>Denizli B\u00fcy\u00fck\u015fehir Belediyesi Kent Konseyi Ba\u015fkan\u0131 Ali Mar\u0131m, t\u00fcberk\u00fclozla m\u00fccadelenin ancak toplumsal fark\u0131ndal\u0131k ve erken tan\u0131 ile m\u00fcmk\u00fcn olabilece\u011fini vurgulad\u0131. Kad\u0131n Meclisi Ba\u015fkan\u0131 Meral Alten ise, toplum sa\u011fl\u0131\u011f\u0131na katk\u0131da bulunmak amac\u0131yla bu t\u00fcr bilin\u00e7lendirme etkinliklerini d\u00fczenlemeye devam edeceklerini belirterek, kat\u0131l\u0131m g\u00f6steren herkese te\u015fekk\u00fcr etti.<br \/>\n<br \/>Kat\u0131l\u0131mc\u0131lar, toplant\u0131 sonunda t\u00fcberk\u00fcloz konusunda merak ettikleri sorular\u0131 Dr. Abd\u00fclo\u011flu\u2019na y\u00f6nelterek, arad\u0131klar\u0131 cevaplara birinci elden ula\u015fma imk\u00e2n\u0131 elde etti.<br \/><\/p>\n","protected":false},"excerpt":{"rendered":"<p>Denizli B\u00fcy\u00fck\u015fehir Belediyesi Kent Konseyi Kad\u0131n Meclisi, D\u00fcnya T\u00fcberk\u00fcloz G\u00fcn\u00fc kapsam\u0131nda sa\u011fl\u0131k \u00e7al\u0131\u015fma grubu \u00f6nc\u00fcl\u00fc\u011f\u00fcnde \u00f6nemli bir etkinlik d\u00fczenledi. Merkezefendi Belediyesi Karahasanl\u0131 Kad\u0131n \u00c7ocuk Ya\u015fam Merkezi\u2019nde ger\u00e7ekle\u015ftirilen toplant\u0131ya, Kent Konseyi Ba\u015fkan\u0131 Ali Mar\u0131m, Kad\u0131n Meclisi Ba\u015fkan\u0131 Meral Alten, y\u00fcr\u00fctme kurulu \u00fcyeleri ve \u00e7ok say\u0131da kad\u0131n kat\u0131l\u0131m sa\u011flad\u0131. Verem Sava\u015f Dispanseri sorumlu hekimi Dr. Bet\u00fcl Abd\u00fclo\u011flu,&#8230;<\/p>\n","protected":false},"author":1,"featured_media":26406,"comment_status":"open","ping_status":"open","sticky":false,"template":"","format":"standard","meta":{"_crdt_document":"","footnotes":""},"categories":[2],"tags":[],"class_list":["post-26405","post","type-post","status-publish","format-standard","has-post-thumbnail","hentry","category-saglik"],"_links":{"self":[{"href":"https:\/\/www.egemtv.com\/index.php?rest_route=\/wp\/v2\/posts\/26405","targetHints":{"allow":["GET"]}}],"collection":[{"href":"https:\/\/www.egemtv.com\/index.php?rest_route=\/wp\/v2\/posts"}],"about":[{"href":"https:\/\/www.egemtv.com\/index.php?rest_route=\/wp\/v2\/types\/post"}],"author":[{"embeddable":true,"href":"https:\/\/www.egemtv.com\/index.php?rest_route=\/wp\/v2\/users\/1"}],"replies":[{"embeddable":true,"href":"https:\/\/www.egemtv.com\/index.php?rest_route=%2Fwp%2Fv2%2Fcomments&post=26405"}],"version-history":[{"count":1,"href":"https:\/\/www.egemtv.com\/index.php?rest_route=\/wp\/v2\/posts\/26405\/revisions"}],"predecessor-version":[{"id":26407,"href":"https:\/\/www.egemtv.com\/index.php?rest_route=\/wp\/v2\/posts\/26405\/revisions\/26407"}],"wp:featuredmedia":[{"embeddable":true,"href":"https:\/\/www.egemtv.com\/index.php?rest_route=\/wp\/v2\/media\/26406"}],"wp:attachment":[{"href":"https:\/\/www.egemtv.com\/index.php?rest_route=%2Fwp%2Fv2%2Fmedia&parent=26405"}],"wp:term":[{"taxonomy":"category","embeddable":true,"href":"https:\/\/www.egemtv.com\/index.php?rest_route=%2Fwp%2Fv2%2Fcategories&post=26405"},{"taxonomy":"post_tag","embeddable":true,"href":"https:\/\/www.egemtv.com\/index.php?rest_route=%2Fwp%2Fv2%2Ftags&post=26405"}],"curies":[{"name":"wp","href":"https:\/\/api.w.org\/{rel}","templated":true}]}}